{"id":208369,"date":"2022-12-28T20:01:19","date_gmt":"2022-12-28T23:01:19","guid":{"rendered":"https:\/\/diarioregionaldigital.com.br\/?p=208369"},"modified":"2022-12-28T20:01:19","modified_gmt":"2022-12-28T23:01:19","slug":"data-de-antecipacao-da-audiencia-para-designacao-da-arbitragem-e-divulgada","status":"publish","type":"post","link":"https:\/\/diarioregionaldigital.com.br\/?p=208369","title":{"rendered":"Data de antecipa\u00e7\u00e3o da audi\u00eancia para designa\u00e7\u00e3o da arbitragem \u00e9 divulgada"},"content":{"rendered":"<p><span style=\"font-weight: 400;\">A audi\u00eancia p\u00fablica (001\/2023) de designa\u00e7\u00e3o da arbitragem para a fase Eliminat\u00f3ria da Copa do Nordeste 2023, ser\u00e1 realizada dia 29\/12\/2022 (quinta-feira), nos mesmos hor\u00e1rio e local, previamente divulgados no calend\u00e1rio de audi\u00eancias N\u00ba 51\/2022.<\/span><\/p>\n","protected":false},"excerpt":{"rendered":"<p>A audi\u00eancia p\u00fablica (001\/2023) de designa\u00e7\u00e3o da arbitragem para a fase Eliminat\u00f3ria da Copa do Nordeste 2023, ser\u00e1 realizada dia 29\/12\/2022 (quinta-feira), nos mesmos hor\u00e1rio e local, previamente divulgados no calend\u00e1rio de audi\u00eancias N\u00ba 51\/2022.<\/p>\n","protected":false},"author":246,"featured_media":208370,"comment_status":"closed","ping_status":"closed","sticky":false,"template":"","format":"standard","meta":{"footnotes":""},"categories":[436,257,439],"tags":[],"class_list":["post-208369","post","type-post","status-publish","format-standard","has-post-thumbnail","hentry","category-destaque-da-semana","category-esporte","category-ultima-hora"],"_links":{"self":[{"href":"https:\/\/diarioregionaldigital.com.br\/index.php?rest_route=\/wp\/v2\/posts\/208369","targetHints":{"allow":["GET"]}}],"collection":[{"href":"https:\/\/diarioregionaldigital.com.br\/index.php?rest_route=\/wp\/v2\/posts"}],"about":[{"href":"https:\/\/diarioregionaldigital.com.br\/index.php?rest_route=\/wp\/v2\/types\/post"}],"author":[{"embeddable":true,"href":"https:\/\/diarioregionaldigital.com.br\/index.php?rest_route=\/wp\/v2\/users\/246"}],"replies":[{"embeddable":true,"href":"https:\/\/diarioregionaldigital.com.br\/index.php?rest_route=%2Fwp%2Fv2%2Fcomments&post=208369"}],"version-history":[{"count":1,"href":"https:\/\/diarioregionaldigital.com.br\/index.php?rest_route=\/wp\/v2\/posts\/208369\/revisions"}],"predecessor-version":[{"id":208371,"href":"https:\/\/diarioregionaldigital.com.br\/index.php?rest_route=\/wp\/v2\/posts\/208369\/revisions\/208371"}],"wp:featuredmedia":[{"embeddable":true,"href":"https:\/\/diarioregionaldigital.com.br\/index.php?rest_route=\/wp\/v2\/media\/208370"}],"wp:attachment":[{"href":"https:\/\/diarioregionaldigital.com.br\/index.php?rest_route=%2Fwp%2Fv2%2Fmedia&parent=208369"}],"wp:term":[{"taxonomy":"category","embeddable":true,"href":"https:\/\/diarioregionaldigital.com.br\/index.php?rest_route=%2Fwp%2Fv2%2Fcategories&post=208369"},{"taxonomy":"post_tag","embeddable":true,"href":"https:\/\/diarioregionaldigital.com.br\/index.php?rest_route=%2Fwp%2Fv2%2Ftags&post=208369"}],"curies":[{"name":"wp","href":"https:\/\/api.w.org\/{rel}","templated":true}]}}