{"id":208366,"date":"2022-12-28T19:58:27","date_gmt":"2022-12-28T22:58:27","guid":{"rendered":"https:\/\/diarioregionaldigital.com.br\/?p=208366"},"modified":"2022-12-28T19:58:27","modified_gmt":"2022-12-28T22:58:27","slug":"handebol-brasil-estreia-com-derrota-no-torneio-quatro-nacoes","status":"publish","type":"post","link":"https:\/\/diarioregionaldigital.com.br\/?p=208366","title":{"rendered":"Handebol: Brasil estreia com derrota no Torneio Quatro Na\u00e7\u00f5es"},"content":{"rendered":"<p>A sele\u00e7\u00e3o brasileira masculina de handebol estreou com derrota de 28 a 22 para a Coreia do Sul no Torneio Quatro Na\u00e7\u00f5es, nesta quarta-feira (28) na Crac\u00f3via (Pol\u00f4nia). A competi\u00e7\u00e3o faz parte da prepara\u00e7\u00e3o para o Mundial da modalidade, que ser\u00e1 disputado na Pol\u00f4nia e na Su\u00e9cia a partir do dia 11 de janeiro de 2023.<img decoding=\"async\" src=\"https:\/\/agenciabrasil.ebc.com.br\/ebc.png?id=1500271&amp;o=node\" \/><img decoding=\"async\" src=\"https:\/\/agenciabrasil.ebc.com.br\/ebc.gif?id=1500271&amp;o=node\" \/><\/p>\n<p>Os pr\u00f3ximos compromissos da equipe comandada pelo t\u00e9cnico Marcus Tat\u00e1 no Quatro Na\u00e7\u00f5es s\u00e3o um confronto com a Tun\u00edsia, na pr\u00f3xima quinta-feira (29), e contra a Pol\u00f4nia, na pr\u00f3xima sexta-feira (30).<\/p>\n<p>No Mundial, o Brasil est\u00e1 no Grupo C, ao lado de Su\u00e9cia, Cabo Verde e Uruguai. A estreia da sele\u00e7\u00e3o brasileira ser\u00e1, a partir das no 16h30 (hor\u00e1rio de Bras\u00edlia) do dia 12 de janeiro, contra os suecos.<\/p>\n<p><span style=\"font-weight: 400;\">Fonte: Ag\u00eancia Brasil <\/span><\/p>\n","protected":false},"excerpt":{"rendered":"<p>A sele\u00e7\u00e3o brasileira masculina de handebol estreou com derrota de 28 a 22 para a Coreia do Sul no Torneio Quatro Na\u00e7\u00f5es, nesta quarta-feira (28) na Crac\u00f3via (Pol\u00f4nia). A competi\u00e7\u00e3o faz parte da prepara\u00e7\u00e3o para o Mundial da modalidade, que ser\u00e1 disputado na Pol\u00f4nia e na Su\u00e9cia a partir do dia 11 de janeiro de [&hellip;]<\/p>\n","protected":false},"author":246,"featured_media":208367,"comment_status":"closed","ping_status":"closed","sticky":false,"template":"","format":"standard","meta":{"footnotes":""},"categories":[436,257,439],"tags":[],"class_list":["post-208366","post","type-post","status-publish","format-standard","has-post-thumbnail","hentry","category-destaque-da-semana","category-esporte","category-ultima-hora"],"_links":{"self":[{"href":"https:\/\/diarioregionaldigital.com.br\/index.php?rest_route=\/wp\/v2\/posts\/208366","targetHints":{"allow":["GET"]}}],"collection":[{"href":"https:\/\/diarioregionaldigital.com.br\/index.php?rest_route=\/wp\/v2\/posts"}],"about":[{"href":"https:\/\/diarioregionaldigital.com.br\/index.php?rest_route=\/wp\/v2\/types\/post"}],"author":[{"embeddable":true,"href":"https:\/\/diarioregionaldigital.com.br\/index.php?rest_route=\/wp\/v2\/users\/246"}],"replies":[{"embeddable":true,"href":"https:\/\/diarioregionaldigital.com.br\/index.php?rest_route=%2Fwp%2Fv2%2Fcomments&post=208366"}],"version-history":[{"count":1,"href":"https:\/\/diarioregionaldigital.com.br\/index.php?rest_route=\/wp\/v2\/posts\/208366\/revisions"}],"predecessor-version":[{"id":208368,"href":"https:\/\/diarioregionaldigital.com.br\/index.php?rest_route=\/wp\/v2\/posts\/208366\/revisions\/208368"}],"wp:featuredmedia":[{"embeddable":true,"href":"https:\/\/diarioregionaldigital.com.br\/index.php?rest_route=\/wp\/v2\/media\/208367"}],"wp:attachment":[{"href":"https:\/\/diarioregionaldigital.com.br\/index.php?rest_route=%2Fwp%2Fv2%2Fmedia&parent=208366"}],"wp:term":[{"taxonomy":"category","embeddable":true,"href":"https:\/\/diarioregionaldigital.com.br\/index.php?rest_route=%2Fwp%2Fv2%2Fcategories&post=208366"},{"taxonomy":"post_tag","embeddable":true,"href":"https:\/\/diarioregionaldigital.com.br\/index.php?rest_route=%2Fwp%2Fv2%2Ftags&post=208366"}],"curies":[{"name":"wp","href":"https:\/\/api.w.org\/{rel}","templated":true}]}}