{"id":208363,"date":"2022-12-28T19:54:24","date_gmt":"2022-12-28T22:54:24","guid":{"rendered":"https:\/\/diarioregionaldigital.com.br\/?p=208363"},"modified":"2022-12-28T19:54:24","modified_gmt":"2022-12-28T22:54:24","slug":"bahia-anuncia-pacotao-de-reforcos-para-a-temporada-2023","status":"publish","type":"post","link":"https:\/\/diarioregionaldigital.com.br\/?p=208363","title":{"rendered":"Bahia anuncia pacot\u00e3o de refor\u00e7os para a temporada 2023"},"content":{"rendered":"<p>As equipes brasileiras continuam se refor\u00e7ando para a pr\u00f3xima temporada. Uma das mais ativas neste momento \u00e9 o Bahia, que este ano vendeu parte de sua Sociedade An\u00f4nima do Futebol (SAF) ao City Football Group, propriet\u00e1rio do Manchester City.<img decoding=\"async\" src=\"https:\/\/agenciabrasil.ebc.com.br\/ebc.png?id=1500277&amp;o=node\" \/><img decoding=\"async\" src=\"https:\/\/agenciabrasil.ebc.com.br\/ebc.gif?id=1500277&amp;o=node\" \/><\/p>\n<p>Para se ter uma medida de como o Tricolor est\u00e1 se refor\u00e7ando para a temporada 2023, quando volta a disputar a S\u00e9rie A do Campeonato Brasileiro, apenas nesta quarta-feira (28) o clube anunciou o atacante Everaldo, o goleiro Marcos Felipe e o zagueiro David Duarte. Um dia antes, o Bahia j\u00e1 havia confirmado a compra de Gabriel Teixeira, ex-Fluminense.<\/p>\n<p>Tamb\u00e9m nesta quarta, o Vasco anunciou o acerto com o lateral-esquerdo Lucas Piton. O jogador de 22 anos, que estava no Corinthians, firmou contrato com o Cruzmaltino at\u00e9 dezembro de 2026.<\/p>\n<p>Outro time a informar a contrata\u00e7\u00e3o de um lateral-esquerdo foi justamente o Corinthians. A equipe do Parque S\u00e3o Jorge firmou um v\u00ednculo com Matheus Bidu, de 23 anos, at\u00e9 o final do ano de 2025.<\/p>\n<p>No S\u00e3o Paulo a novidade foi a confirma\u00e7\u00e3o do neg\u00f3cio com o meia-atacante Marcos Paulo. Formado no Fluminense, o jogador de 21 anos chega por empr\u00e9stimo junto ao Atl\u00e9tico de Madrid (Espanha).<\/p>\n<p><span style=\"font-weight: 400;\">Fonte: Ag\u00eancia Brasil <\/span><\/p>\n","protected":false},"excerpt":{"rendered":"<p>As equipes brasileiras continuam se refor\u00e7ando para a pr\u00f3xima temporada. Uma das mais ativas neste momento \u00e9 o Bahia, que este ano vendeu parte de sua Sociedade An\u00f4nima do Futebol (SAF) ao City Football Group, propriet\u00e1rio do Manchester City. Para se ter uma medida de como o Tricolor est\u00e1 se refor\u00e7ando para a temporada 2023, [&hellip;]<\/p>\n","protected":false},"author":246,"featured_media":208364,"comment_status":"closed","ping_status":"closed","sticky":false,"template":"","format":"standard","meta":{"footnotes":""},"categories":[436,440,257,439],"tags":[],"class_list":["post-208363","post","type-post","status-publish","format-standard","has-post-thumbnail","hentry","category-destaque-da-semana","category-destaques-do-dia","category-esporte","category-ultima-hora"],"_links":{"self":[{"href":"https:\/\/diarioregionaldigital.com.br\/index.php?rest_route=\/wp\/v2\/posts\/208363","targetHints":{"allow":["GET"]}}],"collection":[{"href":"https:\/\/diarioregionaldigital.com.br\/index.php?rest_route=\/wp\/v2\/posts"}],"about":[{"href":"https:\/\/diarioregionaldigital.com.br\/index.php?rest_route=\/wp\/v2\/types\/post"}],"author":[{"embeddable":true,"href":"https:\/\/diarioregionaldigital.com.br\/index.php?rest_route=\/wp\/v2\/users\/246"}],"replies":[{"embeddable":true,"href":"https:\/\/diarioregionaldigital.com.br\/index.php?rest_route=%2Fwp%2Fv2%2Fcomments&post=208363"}],"version-history":[{"count":1,"href":"https:\/\/diarioregionaldigital.com.br\/index.php?rest_route=\/wp\/v2\/posts\/208363\/revisions"}],"predecessor-version":[{"id":208365,"href":"https:\/\/diarioregionaldigital.com.br\/index.php?rest_route=\/wp\/v2\/posts\/208363\/revisions\/208365"}],"wp:featuredmedia":[{"embeddable":true,"href":"https:\/\/diarioregionaldigital.com.br\/index.php?rest_route=\/wp\/v2\/media\/208364"}],"wp:attachment":[{"href":"https:\/\/diarioregionaldigital.com.br\/index.php?rest_route=%2Fwp%2Fv2%2Fmedia&parent=208363"}],"wp:term":[{"taxonomy":"category","embeddable":true,"href":"https:\/\/diarioregionaldigital.com.br\/index.php?rest_route=%2Fwp%2Fv2%2Fcategories&post=208363"},{"taxonomy":"post_tag","embeddable":true,"href":"https:\/\/diarioregionaldigital.com.br\/index.php?rest_route=%2Fwp%2Fv2%2Ftags&post=208363"}],"curies":[{"name":"wp","href":"https:\/\/api.w.org\/{rel}","templated":true}]}}