{"id":208354,"date":"2022-12-28T19:45:50","date_gmt":"2022-12-28T22:45:50","guid":{"rendered":"https:\/\/diarioregionaldigital.com.br\/?p=208354"},"modified":"2022-12-28T19:45:50","modified_gmt":"2022-12-28T22:45:50","slug":"ministro-do-stf-suspende-trechos-da-lei-de-improbidade","status":"publish","type":"post","link":"https:\/\/diarioregionaldigital.com.br\/?p=208354","title":{"rendered":"Ministro do STF suspende trechos da Lei de Improbidade"},"content":{"rendered":"<p>O ministro Alexandre de Moraes, do Supremo Tribunal Federal (STF), decidiu\u00a0hoje\u00a0(27) suspender trechos da Lei de Improbidade Administrativa (LIA). A liminar foi motivada por uma a\u00e7\u00e3o direta de inconstitucionalidade protocolada pela Associa\u00e7\u00e3o Nacional dos Membros do Minist\u00e9rio P\u00fablico (Conamp).<img decoding=\"async\" src=\"https:\/\/agenciabrasil.ebc.com.br\/ebc.png?id=1500173&amp;o=node\" \/><img decoding=\"async\" src=\"https:\/\/agenciabrasil.ebc.com.br\/ebc.gif?id=1500173&amp;o=node\" \/><\/p>\n<p>A decis\u00e3o afeta os dispositivos que tratam da autonomia do Minist\u00e9rio P\u00fablico, das diverg\u00eancias nos tribunais na aplica\u00e7\u00e3o da lei, da perda dos direitos pol\u00edticos e responsabiliza\u00e7\u00e3o administrativa e penal.<\/p>\n<p>Moraes suspendeu o trecho que afasta a improbidade nos casos em que a conduta praticada pelo acusado tiver entendimento controvertido pelos tribunais. O ministro tamb\u00e9m garantiu que a perda da fun\u00e7\u00e3o p\u00fablica ap\u00f3s a condena\u00e7\u00e3o pode ocorrer independentemente do cargo ocupado.<\/p>\n<p>A decis\u00e3o tamb\u00e9m impede o arquivamento de a\u00e7\u00e3o de improbidade ap\u00f3s absolvi\u00e7\u00e3o criminal sobre os mesmos fatos.<\/p>\n<p>A a\u00e7\u00e3o foi protocolada em setembro pela Conamp. Entre os argumentos apresentados, a entidade alegou que as altera\u00e7\u00f5es da Lei 14.230\/2021, que alterou a Lei de Improbidade (Lei 8.429\/1992), usurpou as atribui\u00e7\u00f5es do Minist\u00e9rio P\u00fablico e violou a independ\u00eancia funcional do \u00f3rg\u00e3o.<\/p>\n<p><span style=\"font-weight: 400;\">Fonte: Ag\u00eancia Brasil <\/span><\/p>\n","protected":false},"excerpt":{"rendered":"<p>O ministro Alexandre de Moraes, do Supremo Tribunal Federal (STF), decidiu\u00a0hoje\u00a0(27) suspender trechos da Lei de Improbidade Administrativa (LIA). A liminar foi motivada por uma a\u00e7\u00e3o direta de inconstitucionalidade protocolada pela Associa\u00e7\u00e3o Nacional dos Membros do Minist\u00e9rio P\u00fablico (Conamp). A decis\u00e3o afeta os dispositivos que tratam da autonomia do Minist\u00e9rio P\u00fablico, das diverg\u00eancias nos tribunais [&hellip;]<\/p>\n","protected":false},"author":246,"featured_media":208355,"comment_status":"closed","ping_status":"closed","sticky":false,"template":"","format":"standard","meta":{"footnotes":""},"categories":[436,254,439],"tags":[],"class_list":["post-208354","post","type-post","status-publish","format-standard","has-post-thumbnail","hentry","category-destaque-da-semana","category-politica","category-ultima-hora"],"_links":{"self":[{"href":"https:\/\/diarioregionaldigital.com.br\/index.php?rest_route=\/wp\/v2\/posts\/208354","targetHints":{"allow":["GET"]}}],"collection":[{"href":"https:\/\/diarioregionaldigital.com.br\/index.php?rest_route=\/wp\/v2\/posts"}],"about":[{"href":"https:\/\/diarioregionaldigital.com.br\/index.php?rest_route=\/wp\/v2\/types\/post"}],"author":[{"embeddable":true,"href":"https:\/\/diarioregionaldigital.com.br\/index.php?rest_route=\/wp\/v2\/users\/246"}],"replies":[{"embeddable":true,"href":"https:\/\/diarioregionaldigital.com.br\/index.php?rest_route=%2Fwp%2Fv2%2Fcomments&post=208354"}],"version-history":[{"count":1,"href":"https:\/\/diarioregionaldigital.com.br\/index.php?rest_route=\/wp\/v2\/posts\/208354\/revisions"}],"predecessor-version":[{"id":208356,"href":"https:\/\/diarioregionaldigital.com.br\/index.php?rest_route=\/wp\/v2\/posts\/208354\/revisions\/208356"}],"wp:featuredmedia":[{"embeddable":true,"href":"https:\/\/diarioregionaldigital.com.br\/index.php?rest_route=\/wp\/v2\/media\/208355"}],"wp:attachment":[{"href":"https:\/\/diarioregionaldigital.com.br\/index.php?rest_route=%2Fwp%2Fv2%2Fmedia&parent=208354"}],"wp:term":[{"taxonomy":"category","embeddable":true,"href":"https:\/\/diarioregionaldigital.com.br\/index.php?rest_route=%2Fwp%2Fv2%2Fcategories&post=208354"},{"taxonomy":"post_tag","embeddable":true,"href":"https:\/\/diarioregionaldigital.com.br\/index.php?rest_route=%2Fwp%2Fv2%2Ftags&post=208354"}],"curies":[{"name":"wp","href":"https:\/\/api.w.org\/{rel}","templated":true}]}}