{"id":208351,"date":"2022-12-28T19:42:19","date_gmt":"2022-12-28T22:42:19","guid":{"rendered":"https:\/\/diarioregionaldigital.com.br\/?p=208351"},"modified":"2022-12-28T19:42:19","modified_gmt":"2022-12-28T22:42:19","slug":"presidente-sanciona-com-vetos-projeto-que-altera-ldo","status":"publish","type":"post","link":"https:\/\/diarioregionaldigital.com.br\/?p=208351","title":{"rendered":"Presidente sanciona com vetos projeto que altera LDO"},"content":{"rendered":"<p>O presidente Jair Bolsonaro sancionou com vetos o projeto de lei do Congresso Nacional (PLN n\u00ba 39\/2022) que estabeleceu diretrizes para execu\u00e7\u00e3o da Lei de Diretrizes Or\u00e7ament\u00e1rias (LDO) de 2022.\u00a0<img decoding=\"async\" src=\"https:\/\/agenciabrasil.ebc.com.br\/ebc.png?id=1500247&amp;o=node\" \/><img decoding=\"async\" src=\"https:\/\/agenciabrasil.ebc.com.br\/ebc.gif?id=1500247&amp;o=node\" \/><\/p>\n<p>Em mensagem encaminhada hoje (28) ao Congresso, ele justificou que os vetos ocorreram por inconstitucionalidade e contrariedade ao interesse p\u00fablico.<\/p>\n<p>Um dos vetos trata de autoriza\u00e7\u00e3o para o\u00a0Poder Executivo usar verbas reclassificadas das emendas de relator (RP9) como emendas discricion\u00e1rias (RP2). \u201cA proposi\u00e7\u00e3o legislativa incorre em v\u00edcio de inconstitucionalidade, pois desrespeita a pertin\u00eancia tem\u00e1tica exigida, ao veicular mat\u00e9ria estranha ao projeto de lei\u201d, diz\u00a0a mensagem de veto.<\/p>\n<h2>Contratos<\/h2>\n<p>Outra quest\u00e3o vetada \u00e9 a possibilidade de restos a pagar relativos a contratos e conv\u00eanios serem liquidados somente ap\u00f3s 31 de dezembro de 2023.<\/p>\n<p>\u201cA proposi\u00e7\u00e3o legislativa incorre em v\u00edcio de inconstitucionalidade, haja vista os dispositivos incidirem sobre a execu\u00e7\u00e3o de despesas de outros exerc\u00edcios financeiros\u201d, justificou o presidente.<\/p>\n<p><span style=\"font-weight: 400;\">Fonte: Ag\u00eancia Brasil <\/span><\/p>\n","protected":false},"excerpt":{"rendered":"<p>O presidente Jair Bolsonaro sancionou com vetos o projeto de lei do Congresso Nacional (PLN n\u00ba 39\/2022) que estabeleceu diretrizes para execu\u00e7\u00e3o da Lei de Diretrizes Or\u00e7ament\u00e1rias (LDO) de 2022.\u00a0 Em mensagem encaminhada hoje (28) ao Congresso, ele justificou que os vetos ocorreram por inconstitucionalidade e contrariedade ao interesse p\u00fablico. Um dos vetos trata de [&hellip;]<\/p>\n","protected":false},"author":246,"featured_media":208352,"comment_status":"closed","ping_status":"closed","sticky":false,"template":"","format":"standard","meta":{"footnotes":""},"categories":[436,440,254,439],"tags":[],"class_list":["post-208351","post","type-post","status-publish","format-standard","has-post-thumbnail","hentry","category-destaque-da-semana","category-destaques-do-dia","category-politica","category-ultima-hora"],"_links":{"self":[{"href":"https:\/\/diarioregionaldigital.com.br\/index.php?rest_route=\/wp\/v2\/posts\/208351","targetHints":{"allow":["GET"]}}],"collection":[{"href":"https:\/\/diarioregionaldigital.com.br\/index.php?rest_route=\/wp\/v2\/posts"}],"about":[{"href":"https:\/\/diarioregionaldigital.com.br\/index.php?rest_route=\/wp\/v2\/types\/post"}],"author":[{"embeddable":true,"href":"https:\/\/diarioregionaldigital.com.br\/index.php?rest_route=\/wp\/v2\/users\/246"}],"replies":[{"embeddable":true,"href":"https:\/\/diarioregionaldigital.com.br\/index.php?rest_route=%2Fwp%2Fv2%2Fcomments&post=208351"}],"version-history":[{"count":1,"href":"https:\/\/diarioregionaldigital.com.br\/index.php?rest_route=\/wp\/v2\/posts\/208351\/revisions"}],"predecessor-version":[{"id":208353,"href":"https:\/\/diarioregionaldigital.com.br\/index.php?rest_route=\/wp\/v2\/posts\/208351\/revisions\/208353"}],"wp:featuredmedia":[{"embeddable":true,"href":"https:\/\/diarioregionaldigital.com.br\/index.php?rest_route=\/wp\/v2\/media\/208352"}],"wp:attachment":[{"href":"https:\/\/diarioregionaldigital.com.br\/index.php?rest_route=%2Fwp%2Fv2%2Fmedia&parent=208351"}],"wp:term":[{"taxonomy":"category","embeddable":true,"href":"https:\/\/diarioregionaldigital.com.br\/index.php?rest_route=%2Fwp%2Fv2%2Fcategories&post=208351"},{"taxonomy":"post_tag","embeddable":true,"href":"https:\/\/diarioregionaldigital.com.br\/index.php?rest_route=%2Fwp%2Fv2%2Ftags&post=208351"}],"curies":[{"name":"wp","href":"https:\/\/api.w.org\/{rel}","templated":true}]}}