{"id":208345,"date":"2022-12-28T19:27:37","date_gmt":"2022-12-28T22:27:37","guid":{"rendered":"https:\/\/diarioregionaldigital.com.br\/?p=208345"},"modified":"2022-12-28T19:27:37","modified_gmt":"2022-12-28T22:27:37","slug":"governo-central-fecha-novembro-com-deficit-primario-de-r-147-bi","status":"publish","type":"post","link":"https:\/\/diarioregionaldigital.com.br\/?p=208345","title":{"rendered":"Governo Central fecha novembro com d\u00e9ficit prim\u00e1rio de R$ 14,7 bi"},"content":{"rendered":"<p>Ap\u00f3s dois meses consecutivos de resultados positivos, as contas p\u00fablicas voltaram a fechar no vermelho. Segundo o Tesouro Nacional, em novembro, o Governo Central (Tesouro Nacional, Previd\u00eancia Social e Banco Central) registrou um d\u00e9ficit prim\u00e1rio de R$ 14,7 bilh\u00f5es.<img decoding=\"async\" src=\"https:\/\/agenciabrasil.ebc.com.br\/ebc.png?id=1500252&amp;o=node\" \/><img decoding=\"async\" src=\"https:\/\/agenciabrasil.ebc.com.br\/ebc.gif?id=1500252&amp;o=node\" \/><\/p>\n<p>O desempenho negativo para o \u00faltimo m\u00eas j\u00e1 era esperado, mas o preju\u00edzo foi muito superior aos cerca de R$ 1,3 bilh\u00e3o previsto por especialistas do mercado financeiro consultados pelo\u00a0Minist\u00e9rio da Economia, na\u00a0<a href=\"https:\/\/www.gov.br\/fazenda\/pt-br\/centrais-de-conteudos\/publicacoes\/relatorios-do-prisma-fiscal\/relatorio-mensal\/2022\/relatorio-mensal-2022_11.pdf\/view\" target=\"_blank\" rel=\"noopener\">pesquisa Prisma Fiscal<\/a>. Em novembro de 2021, o super\u00e1vit foi de quase R$ 4,2 bi.<\/p>\n<p>O\u00a0resultado prim\u00e1rio representa a diferen\u00e7a entre as receitas\u00a0(ou seja, os recursos financeiros recebidos por meio da cobran\u00e7a de impostos, taxas, contribui\u00e7\u00f5es, entre outras fontes)\u00a0e os gastos\u00a0do Governo Central, desconsiderando o pagamento dos juros da d\u00edvida p\u00fablica.<\/p>\n<p>De acordo com o Tesouro Nacional, se por um lado, houve, em novembro, uma redu\u00e7\u00e3o real da receita l\u00edquida, por outro, as despesas totais aumentaram. Comparando com o resultado\u00a0de novembro\u00a0de 2021, a receita l\u00edquida foi 9,4%, ou R$ 13 bilh\u00f5es, inferior, enquanto as despesas totais cresceram 4,6%, ou R$ 6,1 bilh\u00f5es.<\/p>\n<p>Entre as causas da queda na arrecada\u00e7\u00e3o est\u00e3o a retra\u00e7\u00e3o da ordem de cerca de R$ 10,6 bilh\u00f5es nas receitas n\u00e3o administradas e a queda na arrecada\u00e7\u00e3o do Imposto Sobre Produtos Industrializados (IPI) devido \u00e0 redu\u00e7\u00e3o de 35% nas al\u00edquotas.<\/p>\n<p>J\u00e1 o crescimento das despesas foi atribu\u00eddo a fatores como o aumento das despesas obrigat\u00f3rias, em especial o pagamento do Aux\u00edlio Brasil; pagamento de benef\u00edcios previdenci\u00e1rios,\u00a0j\u00e1 que o\u00a0n\u00famero de benefici\u00e1rios\u00a0cresceu\u00a0de 3,4% entre outubro de 2021 e outubro de 2022, entre outras.<\/p>\n<p>Enquanto a Previd\u00eancia Social, sozinha, apresentou d\u00e9ficit prim\u00e1rio de R$ 19,2 bilh\u00f5es, o\u00a0Tesouro Nacional e o Banco Central obtiveram um super\u00e1vit de R$ 4,6 bilh\u00f5es \u2013 resultando no j\u00e1 citado d\u00e9ficit prim\u00e1rio de R$ 14,7 bilh\u00f5es\u00a0\u2013 que s\u00f3 n\u00e3o foi\u00a0maior porque houve um aumento real de 7,3% (o equivalente a R$ 87,9 bilh\u00f5es) nas fontes administradas pela Receita Federal, como a cobran\u00e7a de Imposto de Renda e da Contribui\u00e7\u00e3o Social Sobre o Lucro L\u00edquido.<\/p>\n<p>Apesar do resultado negativo do \u00faltimo m\u00eas, o Governo Central ainda opera com um super\u00e1vit prim\u00e1rio de R$ 49,3 bilh\u00f5es quando considerado o desempenho das contas p\u00fablicas desde o in\u00edcio do ano. No mesmo per\u00edodo de 2021, o Tesouro Nacional registrava um d\u00e9ficit de R$ 48,9 bilh\u00f5es. Em termos reais, no acumulado at\u00e9 novembro, a receita l\u00edquida apresentou aumento de 9,4%, enquanto a despesa aumentou 2,5%.<\/p>\n<p>A equipe econ\u00f4mica estima que o Governo Central fechar\u00e1 o ano com um super\u00e1vit prim\u00e1rio de ao menos R$ 36,9 bilh\u00f5es.<\/p>\n<p><span style=\"font-weight: 400;\">Fonte: Ag\u00eancia Brasil <\/span><\/p>\n","protected":false},"excerpt":{"rendered":"<p>Ap\u00f3s dois meses consecutivos de resultados positivos, as contas p\u00fablicas voltaram a fechar no vermelho. Segundo o Tesouro Nacional, em novembro, o Governo Central (Tesouro Nacional, Previd\u00eancia Social e Banco Central) registrou um d\u00e9ficit prim\u00e1rio de R$ 14,7 bilh\u00f5es. O desempenho negativo para o \u00faltimo m\u00eas j\u00e1 era esperado, mas o preju\u00edzo foi muito superior [&hellip;]<\/p>\n","protected":false},"author":246,"featured_media":208346,"comment_status":"closed","ping_status":"closed","sticky":false,"template":"","format":"standard","meta":{"footnotes":""},"categories":[436,261,439],"tags":[],"class_list":["post-208345","post","type-post","status-publish","format-standard","has-post-thumbnail","hentry","category-destaque-da-semana","category-economia","category-ultima-hora"],"_links":{"self":[{"href":"https:\/\/diarioregionaldigital.com.br\/index.php?rest_route=\/wp\/v2\/posts\/208345","targetHints":{"allow":["GET"]}}],"collection":[{"href":"https:\/\/diarioregionaldigital.com.br\/index.php?rest_route=\/wp\/v2\/posts"}],"about":[{"href":"https:\/\/diarioregionaldigital.com.br\/index.php?rest_route=\/wp\/v2\/types\/post"}],"author":[{"embeddable":true,"href":"https:\/\/diarioregionaldigital.com.br\/index.php?rest_route=\/wp\/v2\/users\/246"}],"replies":[{"embeddable":true,"href":"https:\/\/diarioregionaldigital.com.br\/index.php?rest_route=%2Fwp%2Fv2%2Fcomments&post=208345"}],"version-history":[{"count":1,"href":"https:\/\/diarioregionaldigital.com.br\/index.php?rest_route=\/wp\/v2\/posts\/208345\/revisions"}],"predecessor-version":[{"id":208347,"href":"https:\/\/diarioregionaldigital.com.br\/index.php?rest_route=\/wp\/v2\/posts\/208345\/revisions\/208347"}],"wp:featuredmedia":[{"embeddable":true,"href":"https:\/\/diarioregionaldigital.com.br\/index.php?rest_route=\/wp\/v2\/media\/208346"}],"wp:attachment":[{"href":"https:\/\/diarioregionaldigital.com.br\/index.php?rest_route=%2Fwp%2Fv2%2Fmedia&parent=208345"}],"wp:term":[{"taxonomy":"category","embeddable":true,"href":"https:\/\/diarioregionaldigital.com.br\/index.php?rest_route=%2Fwp%2Fv2%2Fcategories&post=208345"},{"taxonomy":"post_tag","embeddable":true,"href":"https:\/\/diarioregionaldigital.com.br\/index.php?rest_route=%2Fwp%2Fv2%2Ftags&post=208345"}],"curies":[{"name":"wp","href":"https:\/\/api.w.org\/{rel}","templated":true}]}}