{"id":208342,"date":"2022-12-28T19:25:24","date_gmt":"2022-12-28T22:25:24","guid":{"rendered":"https:\/\/diarioregionaldigital.com.br\/?p=208342"},"modified":"2022-12-28T19:25:24","modified_gmt":"2022-12-28T22:25:24","slug":"confianca-da-industria-sobe-em-dezembro-apos-tres-meses-de-quedas","status":"publish","type":"post","link":"https:\/\/diarioregionaldigital.com.br\/?p=208342","title":{"rendered":"Confian\u00e7a da ind\u00fastria sobe em dezembro, ap\u00f3s tr\u00eas meses de quedas"},"content":{"rendered":"<p>O \u00cdndice de Confian\u00e7a da Ind\u00fastria (ICI), calculado pelo Instituto Brasileiro de Economia da Funda\u00e7\u00e3o Getulio Vargas (Ibre\/FGV), subiu 1,2 ponto em dezembro, para 93,3 pontos, ap\u00f3s tr\u00eas meses de quedas consecutivas. Em m\u00e9dias m\u00f3veis trimestrais, o \u00edndice recuou 2,1 pontos.<img decoding=\"async\" src=\"https:\/\/agenciabrasil.ebc.com.br\/ebc.png?id=1500193&amp;o=node\" \/><img decoding=\"async\" src=\"https:\/\/agenciabrasil.ebc.com.br\/ebc.gif?id=1500193&amp;o=node\" \/><\/p>\n<p>Segundo o economista do Ibre\/FGV St\u00e9fano Pacini, ap\u00f3s tr\u00eas meses em queda, a confian\u00e7a da ind\u00fastria melhorou em dezembro, mas n\u00e3o foi suficiente para recuperar as perdas sofridas no ano. O pesquisador destacou que parte da ind\u00fastria sofreu com problemas de insumos e outra, com redu\u00e7\u00e3o de demanda, levando a um aumento dos estoques em 2022.<\/p>\n<p>Ele acrescentou que o resultado de dezembro mostra melhora da situa\u00e7\u00e3o atual influenciada por ligeiro aumento na demanda e dos estoques. \u201cApesar da melhora pontual, o n\u00edvel de confian\u00e7a segue baixo em todas as categorias de uso e na maior parte dos segmentos. Em rela\u00e7\u00e3o \u00e0s percep\u00e7\u00f5es de futuro, os empres\u00e1rios seguem cautelosos quanto \u00e0s contrata\u00e7\u00f5es possivelmente influenciados por um cen\u00e1rio de desacelera\u00e7\u00e3o econ\u00f4mica e pol\u00edtica monet\u00e1ria contracionista\u201d, disse, em nota, Pacini.<\/p>\n<p>Em dezembro, houve alta da confian\u00e7a em 11 dos 19 segmentos industriais monitorados pela sondagem. O \u00cdndice Situa\u00e7\u00e3o Atual (ISA) cresceu dois pontos, para 93,8 pontos. O \u00cdndice de Expectativas (IE) acomodou-se ao variar 0,2 ponto para 92,8 pontos.<\/p>\n<p>De acordo com a pesquisa, entre os quesitos que integram o ISA, o indicador que mede a situa\u00e7\u00e3o atual dos neg\u00f3cios foi o que mais influenciou ao subir 2,8 pontos para 92,5 pontos. Segundo o Ibre\/FGV, o resultado reflete uma percep\u00e7\u00e3o de ligeira melhora da demanda e redu\u00e7\u00e3o dos estoques no per\u00edodo com altas de 0,6 e 2,3 pontos, para 92,1 e 102,5 pontos, respectivamente.<\/p>\n<p>Entre os quesitos que medem as expectativas, apesar de aumento do otimismo em rela\u00e7\u00e3o \u00e0 produ\u00e7\u00e3o, h\u00e1 piora do cen\u00e1rio de emprego no setor: o indicador que mede as perspectivas sobre emprego piorou pelo quarto m\u00eas consecutivo ao cair 4,2 pontos para 95,1 pontos, menor patamar desde julho de 2020 (93 pontos). O indicador se mant\u00e9m abaixo dos 100 pontos, o que sinaliza uma desacelera\u00e7\u00e3o das contrata\u00e7\u00f5es nos pr\u00f3ximos meses.<\/p>\n<p>J\u00e1 o indicador que mede as perspectivas sobre a produ\u00e7\u00e3o para os pr\u00f3ximos tr\u00eas meses subiu tr\u00eas pontos para 94,1 pontos. \u201cNo horizonte de seis meses, a tend\u00eancia dos neg\u00f3cios subiu 1,7 ponto para 89,5 pontos, mas n\u00e3o recupera as perdas sofridas no m\u00eas anterior se mantendo abaixo dos 100 pontos desde setembro de 2021 (102,7 pontos)\u201d, diz a FGV.<\/p>\n<p>Segundo a sondagem, o n\u00edvel de utiliza\u00e7\u00e3o da capacidade instalada da ind\u00fastria cedeu 0,2 ponto, para 79,6% pior resultado desde maio de 2021 (77,8%).<\/p>\n<p><span style=\"font-weight: 400;\">Fonte: Ag\u00eancia Brasil <\/span><\/p>\n","protected":false},"excerpt":{"rendered":"<p>O \u00cdndice de Confian\u00e7a da Ind\u00fastria (ICI), calculado pelo Instituto Brasileiro de Economia da Funda\u00e7\u00e3o Getulio Vargas (Ibre\/FGV), subiu 1,2 ponto em dezembro, para 93,3 pontos, ap\u00f3s tr\u00eas meses de quedas consecutivas. Em m\u00e9dias m\u00f3veis trimestrais, o \u00edndice recuou 2,1 pontos. Segundo o economista do Ibre\/FGV St\u00e9fano Pacini, ap\u00f3s tr\u00eas meses em queda, a confian\u00e7a [&hellip;]<\/p>\n","protected":false},"author":246,"featured_media":208343,"comment_status":"closed","ping_status":"closed","sticky":false,"template":"","format":"standard","meta":{"footnotes":""},"categories":[436,261,439],"tags":[],"class_list":["post-208342","post","type-post","status-publish","format-standard","has-post-thumbnail","hentry","category-destaque-da-semana","category-economia","category-ultima-hora"],"_links":{"self":[{"href":"https:\/\/diarioregionaldigital.com.br\/index.php?rest_route=\/wp\/v2\/posts\/208342","targetHints":{"allow":["GET"]}}],"collection":[{"href":"https:\/\/diarioregionaldigital.com.br\/index.php?rest_route=\/wp\/v2\/posts"}],"about":[{"href":"https:\/\/diarioregionaldigital.com.br\/index.php?rest_route=\/wp\/v2\/types\/post"}],"author":[{"embeddable":true,"href":"https:\/\/diarioregionaldigital.com.br\/index.php?rest_route=\/wp\/v2\/users\/246"}],"replies":[{"embeddable":true,"href":"https:\/\/diarioregionaldigital.com.br\/index.php?rest_route=%2Fwp%2Fv2%2Fcomments&post=208342"}],"version-history":[{"count":1,"href":"https:\/\/diarioregionaldigital.com.br\/index.php?rest_route=\/wp\/v2\/posts\/208342\/revisions"}],"predecessor-version":[{"id":208344,"href":"https:\/\/diarioregionaldigital.com.br\/index.php?rest_route=\/wp\/v2\/posts\/208342\/revisions\/208344"}],"wp:featuredmedia":[{"embeddable":true,"href":"https:\/\/diarioregionaldigital.com.br\/index.php?rest_route=\/wp\/v2\/media\/208343"}],"wp:attachment":[{"href":"https:\/\/diarioregionaldigital.com.br\/index.php?rest_route=%2Fwp%2Fv2%2Fmedia&parent=208342"}],"wp:term":[{"taxonomy":"category","embeddable":true,"href":"https:\/\/diarioregionaldigital.com.br\/index.php?rest_route=%2Fwp%2Fv2%2Fcategories&post=208342"},{"taxonomy":"post_tag","embeddable":true,"href":"https:\/\/diarioregionaldigital.com.br\/index.php?rest_route=%2Fwp%2Fv2%2Ftags&post=208342"}],"curies":[{"name":"wp","href":"https:\/\/api.w.org\/{rel}","templated":true}]}}