{"id":208339,"date":"2022-12-28T19:23:49","date_gmt":"2022-12-28T22:23:49","guid":{"rendered":"https:\/\/diarioregionaldigital.com.br\/?p=208339"},"modified":"2022-12-28T19:23:49","modified_gmt":"2022-12-28T22:23:49","slug":"pais-gera-135-mil-novos-postos-de-trabalho-em-novembro-diz-caged","status":"publish","type":"post","link":"https:\/\/diarioregionaldigital.com.br\/?p=208339","title":{"rendered":"Pa\u00eds gera 135 mil novos postos de trabalho em novembro, diz Caged"},"content":{"rendered":"<p>O Brasil criou em novembro 135.495 postos de trabalho formal, segundo as Estat\u00edsticas Mensais do Emprego Formal do Cadastro Geral de Empregados e Desempregados (Novo Caged), divulgadas hoje (28), em Bras\u00edlia.<img decoding=\"async\" src=\"https:\/\/agenciabrasil.ebc.com.br\/ebc.png?id=1500229&amp;o=node\" \/><img decoding=\"async\" src=\"https:\/\/agenciabrasil.ebc.com.br\/ebc.gif?id=1500229&amp;o=node\" \/><\/p>\n<p>O resultado positivo de novembro decorre do total de 1,748 milh\u00e3o de admiss\u00f5es, ante 1,612 milh\u00e3o de demiss\u00f5es. No ano, o saldo at\u00e9 novembro \u00e9 de 2,466 milh\u00f5es de empregos formais criados. O estoque total de carteiras assinadas no pa\u00eds chegou a 43,144 milh\u00f5es.<\/p>\n<p>O grupamento de atividade econ\u00f4mica que mais gerou vagas em novembro foi o com\u00e9rcio: 105.969 novos postos de trabalho. Nos servi\u00e7os, foram 92.213 empregos criados. Houve queda, contudo, na ind\u00fastria, que perdeu 25.707 vagas, devido a uma press\u00e3o negativa do setor sucroalcooleiro, segundo o Minist\u00e9rio do Trabalho e Emprego.<\/p>\n<h2>Queda<\/h2>\n<p>Houve queda tamb\u00e9m na constru\u00e7\u00e3o, com menos 18.769 postos, e na agropecu\u00e1ria, que teve redu\u00e7\u00e3o de 18.211 trabalhadores formais.<\/p>\n<p>O resultado ficou positivo tamb\u00e9m em quatro das cinco regi\u00f5es do pa\u00eds. O Sudeste abriu o maior n\u00famero de vagas, com saldo positivo de 84.164, seguido por Nordeste (29.213), Sul (20.750) e Norte (3.055).\u00a0Houve queda de 773 postos de trabalho no Centro-Oeste.<\/p>\n<p><span style=\"font-weight: 400;\"><br \/>\n<\/span><span style=\"font-weight: 400;\">Fonte: Ag\u00eancia Brasil <\/span><\/p>\n","protected":false},"excerpt":{"rendered":"<p>O Brasil criou em novembro 135.495 postos de trabalho formal, segundo as Estat\u00edsticas Mensais do Emprego Formal do Cadastro Geral de Empregados e Desempregados (Novo Caged), divulgadas hoje (28), em Bras\u00edlia. O resultado positivo de novembro decorre do total de 1,748 milh\u00e3o de admiss\u00f5es, ante 1,612 milh\u00e3o de demiss\u00f5es. No ano, o saldo at\u00e9 novembro [&hellip;]<\/p>\n","protected":false},"author":246,"featured_media":208340,"comment_status":"closed","ping_status":"closed","sticky":false,"template":"","format":"standard","meta":{"footnotes":""},"categories":[436,440,261,439],"tags":[],"class_list":["post-208339","post","type-post","status-publish","format-standard","has-post-thumbnail","hentry","category-destaque-da-semana","category-destaques-do-dia","category-economia","category-ultima-hora"],"_links":{"self":[{"href":"https:\/\/diarioregionaldigital.com.br\/index.php?rest_route=\/wp\/v2\/posts\/208339","targetHints":{"allow":["GET"]}}],"collection":[{"href":"https:\/\/diarioregionaldigital.com.br\/index.php?rest_route=\/wp\/v2\/posts"}],"about":[{"href":"https:\/\/diarioregionaldigital.com.br\/index.php?rest_route=\/wp\/v2\/types\/post"}],"author":[{"embeddable":true,"href":"https:\/\/diarioregionaldigital.com.br\/index.php?rest_route=\/wp\/v2\/users\/246"}],"replies":[{"embeddable":true,"href":"https:\/\/diarioregionaldigital.com.br\/index.php?rest_route=%2Fwp%2Fv2%2Fcomments&post=208339"}],"version-history":[{"count":1,"href":"https:\/\/diarioregionaldigital.com.br\/index.php?rest_route=\/wp\/v2\/posts\/208339\/revisions"}],"predecessor-version":[{"id":208341,"href":"https:\/\/diarioregionaldigital.com.br\/index.php?rest_route=\/wp\/v2\/posts\/208339\/revisions\/208341"}],"wp:featuredmedia":[{"embeddable":true,"href":"https:\/\/diarioregionaldigital.com.br\/index.php?rest_route=\/wp\/v2\/media\/208340"}],"wp:attachment":[{"href":"https:\/\/diarioregionaldigital.com.br\/index.php?rest_route=%2Fwp%2Fv2%2Fmedia&parent=208339"}],"wp:term":[{"taxonomy":"category","embeddable":true,"href":"https:\/\/diarioregionaldigital.com.br\/index.php?rest_route=%2Fwp%2Fv2%2Fcategories&post=208339"},{"taxonomy":"post_tag","embeddable":true,"href":"https:\/\/diarioregionaldigital.com.br\/index.php?rest_route=%2Fwp%2Fv2%2Ftags&post=208339"}],"curies":[{"name":"wp","href":"https:\/\/api.w.org\/{rel}","templated":true}]}}