{"id":208331,"date":"2022-12-27T20:03:11","date_gmt":"2022-12-27T23:03:11","guid":{"rendered":"https:\/\/diarioregionaldigital.com.br\/?p=208331"},"modified":"2022-12-27T20:03:11","modified_gmt":"2022-12-27T23:03:11","slug":"pjf-realiza-recapeamento-na-avenida-doutor-paulo-japiassu-coelho","status":"publish","type":"post","link":"https:\/\/diarioregionaldigital.com.br\/?p=208331","title":{"rendered":"PJF realiza recapeamento na Avenida Doutor Paulo Japiassu Coelho"},"content":{"rendered":"<p>Segundo informa\u00e7\u00f5es do site da Prefeitura de Juiz de Fora (PJF), o\u00a0ano est\u00e1 chegando ao fim, mas os trabalhos da Prefeitura de Juiz de Fora (PJF) n\u00e3o param. Aproveitando o clima um pouco mais est\u00e1vel na cidade, nesta ter\u00e7a-feira, 27, as equipes da PJF deram in\u00edcio ao recapeamento da Avenida Doutor Paulo Japiassu Coelho, no Cascatinha.<\/p>\n<p>O recapeamento ser\u00e1 feito nos dois sentidos da avenida, totalizando uma extens\u00e3o de 1,6 quil\u00f4metros (800 metros de cada lado). Para a execu\u00e7\u00e3o dos trabalhos, a utiliza\u00e7\u00e3o de CBUQ (massa asf\u00e1ltica) prevista \u00e9 de 1329 toneladas. A previs\u00e3o de conclus\u00e3o, se o tempo permanecer est\u00e1vel nos pr\u00f3ximos dias, \u00e9 de duas semanas.<\/p>\n<p>A Av. Paulo Japiassu Coelho \u00e9 uma das mais importantes de Juiz de Fora, sendo um ponto estrat\u00e9gico de entrada e sa\u00edda da cidade, com grande movimento de carros. A via d\u00e1 acesso tamb\u00e9m a outras ruas importantes como a Deusdedith Salgado. O recapeamento vai melhorar a mobilidade da avenida tanto para os carros quanto para os pedestres.<\/p>\n<p>Os trabalhos seguem em andamento em v\u00e1rios pontos da cidade e a programa\u00e7\u00e3o completa das atividades realizadas pela Empresa Municipal de Pavimenta\u00e7\u00e3o e Urbanidades (Empav) pode ser acompanhada diariamente atrav\u00e9s da p\u00e1gina do Gabinete de A\u00e7\u00e3o e Di\u00e1logo Comunit\u00e1rio, pelo\u00a0<a href=\"https:\/\/www.pjf.mg.gov.br\/gabinetecomunitario\/\"><strong>link<\/strong><\/a>.<\/p>\n<p>Todas as a\u00e7\u00f5es de reestrutura\u00e7\u00e3o, urbaniza\u00e7\u00e3o e zeladoria realizadas pela Empresa Municipal de Pavimenta\u00e7\u00e3o e Urbanidades (Empav) fazem parte do Programa Boniteza. Estes e outros servi\u00e7os podem ser solicitados atrav\u00e9s do Gabinete de A\u00e7\u00e3o e Di\u00e1logo Comunit\u00e1rio, que recebe e organiza pedidos relativos a interven\u00e7\u00f5es e melhorias urbanas. O contato pode ser feito por liga\u00e7\u00e3o telef\u00f4nica, pelo n\u00famero (32) 3690-7241 ou, ainda, via WhatsApp, utilizando o mesmo n\u00famero.<\/p>\n","protected":false},"excerpt":{"rendered":"<p>Segundo informa\u00e7\u00f5es do site da Prefeitura de Juiz de Fora (PJF), o\u00a0ano est\u00e1 chegando ao fim, mas os trabalhos da Prefeitura de Juiz de Fora (PJF) n\u00e3o param. Aproveitando o clima um pouco mais est\u00e1vel na cidade, nesta ter\u00e7a-feira, 27, as equipes da PJF deram in\u00edcio ao recapeamento da Avenida Doutor Paulo Japiassu Coelho, no [&hellip;]<\/p>\n","protected":false},"author":246,"featured_media":208332,"comment_status":"closed","ping_status":"closed","sticky":false,"template":"","format":"standard","meta":{"footnotes":""},"categories":[253,436,439],"tags":[],"class_list":["post-208331","post","type-post","status-publish","format-standard","has-post-thumbnail","hentry","category-cidade","category-destaque-da-semana","category-ultima-hora"],"_links":{"self":[{"href":"https:\/\/diarioregionaldigital.com.br\/index.php?rest_route=\/wp\/v2\/posts\/208331","targetHints":{"allow":["GET"]}}],"collection":[{"href":"https:\/\/diarioregionaldigital.com.br\/index.php?rest_route=\/wp\/v2\/posts"}],"about":[{"href":"https:\/\/diarioregionaldigital.com.br\/index.php?rest_route=\/wp\/v2\/types\/post"}],"author":[{"embeddable":true,"href":"https:\/\/diarioregionaldigital.com.br\/index.php?rest_route=\/wp\/v2\/users\/246"}],"replies":[{"embeddable":true,"href":"https:\/\/diarioregionaldigital.com.br\/index.php?rest_route=%2Fwp%2Fv2%2Fcomments&post=208331"}],"version-history":[{"count":1,"href":"https:\/\/diarioregionaldigital.com.br\/index.php?rest_route=\/wp\/v2\/posts\/208331\/revisions"}],"predecessor-version":[{"id":208333,"href":"https:\/\/diarioregionaldigital.com.br\/index.php?rest_route=\/wp\/v2\/posts\/208331\/revisions\/208333"}],"wp:featuredmedia":[{"embeddable":true,"href":"https:\/\/diarioregionaldigital.com.br\/index.php?rest_route=\/wp\/v2\/media\/208332"}],"wp:attachment":[{"href":"https:\/\/diarioregionaldigital.com.br\/index.php?rest_route=%2Fwp%2Fv2%2Fmedia&parent=208331"}],"wp:term":[{"taxonomy":"category","embeddable":true,"href":"https:\/\/diarioregionaldigital.com.br\/index.php?rest_route=%2Fwp%2Fv2%2Fcategories&post=208331"},{"taxonomy":"post_tag","embeddable":true,"href":"https:\/\/diarioregionaldigital.com.br\/index.php?rest_route=%2Fwp%2Fv2%2Ftags&post=208331"}],"curies":[{"name":"wp","href":"https:\/\/api.w.org\/{rel}","templated":true}]}}