{"id":208325,"date":"2022-12-27T19:58:12","date_gmt":"2022-12-27T22:58:12","guid":{"rendered":"https:\/\/diarioregionaldigital.com.br\/?p=208325"},"modified":"2022-12-27T19:58:12","modified_gmt":"2022-12-27T22:58:12","slug":"pjf-promove-shows-e-queima-de-fogos-sem-barulho-na-virada-do-ano","status":"publish","type":"post","link":"https:\/\/diarioregionaldigital.com.br\/?p=208325","title":{"rendered":"PJF promove shows e queima de fogos sem barulho na virada do ano"},"content":{"rendered":"<p>Segundo informa\u00e7\u00f5es do site da Prefeitura de Juiz de Fora (PJF),<\/p>\n<p>A Prefeitura de Juiz de Fora (PJF) preparou para este R\u00e9veillon uma programa\u00e7\u00e3o especial com objetivo de\u00a0resgatar as tradi\u00e7\u00f5es juiz-foranas, atrair turistas e movimentar a economia. No s\u00e1bado, 31, a festa da virada contar\u00e1 com shows e apresenta\u00e7\u00f5es culturais gratuitas a partir do meio-dia, na\u00a0Pra\u00e7a Jo\u00e3o Pessoa, em frente ao Cine-Theatro Central.\u00a0Na\u00a0virada de 2022 para 2023,\u00a0\u00e0 meia-noite, a popula\u00e7\u00e3o poder\u00e1 assistir \u00e0 queima de fogos, sem estampidos, que ser\u00e3o disparados do Morro do Cristo.<\/p>\n<p>Os fogos com estrondo foram proibidos pela Lei n\u00ba 14.296, de 30 de novembro de 2021. O dispositivo legal pro\u00edbe o manuseio, a utiliza\u00e7\u00e3o, a queima e a soltura de fogos de estampidos e de artif\u00edcios, assim como de quaisquer artefatos pirot\u00e9cnicos de efeito sonoro ruidoso das categorias \u201cC\u201d e \u201cD\u201d,\u00a0no \u00e2mbito de Juiz de Fora. Desta forma, a Prefeitura preparou um espet\u00e1culo de efeitos visuais sem barulho que poder\u00e1 ser acompanhado de v\u00e1rias regi\u00f5es da cidade.<\/p>\n<p>O show pirot\u00e9cnico, com alto padr\u00e3o de qualidade e beleza, ir\u00e1 durar cerca de dez minutos, com fogos de diversos tamanhos e com cores variadas, como vermelho, azul e prata. Por quest\u00f5es de seguran\u00e7a, n\u00e3o est\u00e1 autorizada a presen\u00e7a de p\u00fablico no Morro do Cristo durante a queima de fogos \u00e0 meia-noite.<\/p>\n<p><strong>Confira a programa\u00e7\u00e3o da festa de R\u00e9veillon:<\/strong><\/p>\n<p><strong>12h\u00a0<\/strong>&#8211; Shows e atra\u00e7\u00f5es culturais na\u00a0Pra\u00e7a Jo\u00e3o Pessoa, em frente ao Cine-Theatro Central<br \/>\n<strong>00h<\/strong>\u00a0&#8211; Queima de fogos sem barulho, no Morro do Cristo.<br \/>\n&nbsp;<\/p>\n","protected":false},"excerpt":{"rendered":"<p>Segundo informa\u00e7\u00f5es do site da Prefeitura de Juiz de Fora (PJF), A Prefeitura de Juiz de Fora (PJF) preparou para este R\u00e9veillon uma programa\u00e7\u00e3o especial com objetivo de\u00a0resgatar as tradi\u00e7\u00f5es juiz-foranas, atrair turistas e movimentar a economia. No s\u00e1bado, 31, a festa da virada contar\u00e1 com shows e apresenta\u00e7\u00f5es culturais gratuitas a partir do meio-dia, [&hellip;]<\/p>\n","protected":false},"author":246,"featured_media":208326,"comment_status":"closed","ping_status":"closed","sticky":false,"template":"","format":"standard","meta":{"footnotes":""},"categories":[253,436,440,439],"tags":[],"class_list":["post-208325","post","type-post","status-publish","format-standard","has-post-thumbnail","hentry","category-cidade","category-destaque-da-semana","category-destaques-do-dia","category-ultima-hora"],"_links":{"self":[{"href":"https:\/\/diarioregionaldigital.com.br\/index.php?rest_route=\/wp\/v2\/posts\/208325","targetHints":{"allow":["GET"]}}],"collection":[{"href":"https:\/\/diarioregionaldigital.com.br\/index.php?rest_route=\/wp\/v2\/posts"}],"about":[{"href":"https:\/\/diarioregionaldigital.com.br\/index.php?rest_route=\/wp\/v2\/types\/post"}],"author":[{"embeddable":true,"href":"https:\/\/diarioregionaldigital.com.br\/index.php?rest_route=\/wp\/v2\/users\/246"}],"replies":[{"embeddable":true,"href":"https:\/\/diarioregionaldigital.com.br\/index.php?rest_route=%2Fwp%2Fv2%2Fcomments&post=208325"}],"version-history":[{"count":1,"href":"https:\/\/diarioregionaldigital.com.br\/index.php?rest_route=\/wp\/v2\/posts\/208325\/revisions"}],"predecessor-version":[{"id":208327,"href":"https:\/\/diarioregionaldigital.com.br\/index.php?rest_route=\/wp\/v2\/posts\/208325\/revisions\/208327"}],"wp:featuredmedia":[{"embeddable":true,"href":"https:\/\/diarioregionaldigital.com.br\/index.php?rest_route=\/wp\/v2\/media\/208326"}],"wp:attachment":[{"href":"https:\/\/diarioregionaldigital.com.br\/index.php?rest_route=%2Fwp%2Fv2%2Fmedia&parent=208325"}],"wp:term":[{"taxonomy":"category","embeddable":true,"href":"https:\/\/diarioregionaldigital.com.br\/index.php?rest_route=%2Fwp%2Fv2%2Fcategories&post=208325"},{"taxonomy":"post_tag","embeddable":true,"href":"https:\/\/diarioregionaldigital.com.br\/index.php?rest_route=%2Fwp%2Fv2%2Ftags&post=208325"}],"curies":[{"name":"wp","href":"https:\/\/api.w.org\/{rel}","templated":true}]}}