{"id":208322,"date":"2022-12-27T19:52:46","date_gmt":"2022-12-27T22:52:46","guid":{"rendered":"https:\/\/diarioregionaldigital.com.br\/?p=208322"},"modified":"2022-12-27T19:52:46","modified_gmt":"2022-12-27T22:52:46","slug":"projetos-de-esporte-e-lazer-do-parque-municipal-atendem-mais-de-mil-pessoas-em-2022","status":"publish","type":"post","link":"https:\/\/diarioregionaldigital.com.br\/?p=208322","title":{"rendered":"Projetos de esporte e lazer do Parque Municipal atendem mais de mil pessoas em 2022"},"content":{"rendered":"<p>Segundo informa\u00e7\u00f5es do site da Prefeitura de Juiz de Fora (PJF), os projetos esportivos do Parque Municipal tiveram in\u00edcio em fevereiro deste ano, e em pouco tempo j\u00e1 contaram com r\u00e1pida ades\u00e3o da popula\u00e7\u00e3o para o funcionamento das atividades f\u00edsicas no local. Durante os dez meses, entre fevereiro e dezembro, os profissionais de educa\u00e7\u00e3o f\u00edsica criaram 14 projetos, todos de forma gratuita, com 493 pessoas inscritas, de idades diversas, entre 4 e 80 anos, al\u00e9m de mais 541 que foram atendidas pelos projetos.<\/p>\n<p>Para comemorar o sucesso dos projetos, cada um ter\u00e1 uma confraterniza\u00e7\u00e3o interna, entre alunos e professores, contando tamb\u00e9m com aul\u00f5es e mini-festivais dentro de cada modalidade. As confraterniza\u00e7\u00f5es aconteceram no in\u00edcio de dezembro, e o encerramento dos projetos para o ano de 2022 ficou marcado para o \u00faltimo dia 23.<\/p>\n<p>Durante o ano, os 14 projetos implementados no Parque Municipal foram: \u201cCaminhada no Parque\u201d, \u201cPilates Solo\u201d, \u201cFutebol Masculino e Feminino\u201d, \u201cFutsal\u201d, \u201cInicia\u00e7\u00e3o Esportiva\u201d, \u201cForma\u00e7\u00e3o de Goleiros\u201d, &#8220;Fut Fit&#8221;, \u201cGin\u00e1stica para Gestantes\u201d, \u201cHandebol\u201d, \u201cNata\u00e7\u00e3o\u201d, \u201cHidrogin\u00e1stica\u201d, al\u00e9m dos projetos de sa\u00fade e lazer, como \u201cEscape Parque\u201d e \u201cYoga no Parque\u201d. S\u00e3o 493 pessoas inscritas e mais 541 atendidas no Escape e no Yoga, totalizando 1034 pessoas usufruindo as estruturas do Parque de forma gratuita.<\/p>\n<p>Segundo o coordenador de Esporte do Parque Municipal, Bruno Carreira, com o bom n\u00famero apresentado neste ano, a expectativa \u00e9 de ainda maior ades\u00e3o para 2023. \u201cFoi muito gratificante iniciar esse trabalho no Parque Municipal, como primeira gest\u00e3o. Tivemos um n\u00famero significativo nesse primeiro ano de trabalho, foram quase 500 pessoas atendidas nos diversos projetos regulares e mais de 500 nos projetos de lazer e sa\u00fade, como Escape e Yoga. Para o pr\u00f3ximo ano esperamos ainda mais ades\u00e3o, principalmente do entorno do parque, pois queremos fazer o melhor para os bairros pr\u00f3ximos, assim como para toda Juiz de Fora\u201d.<\/p>\n<p>As inscri\u00e7\u00f5es para os projetos ser\u00e3o abertas novamente em janeiro de 2023, com data ainda a ser definida. Para se inscrever basta comparecer \u00e0 recep\u00e7\u00e3o do parque e, menores de 18 anos, devem estar acompanhados de respons\u00e1vel. Todos os projetos oferecidos \u00e0 popula\u00e7\u00e3o s\u00e3o totalmente gratuitos e tem vagas limitadas. As inscri\u00e7\u00f5es acontecem de forma presencial na recep\u00e7\u00e3o do Parque Municipal.<\/p>\n<p>O Parque Municipal est\u00e1 localizado na Rua do Contorno, 8, no bairro Nova Calif\u00f3rnia, e funciona das 8h \u00e0s 17h, permitindo a entrada de visitantes at\u00e9 \u00e0s 16h. Para quem precisa do transporte p\u00fablico, as linhas que atendem o Parque s\u00e3o 520 (Aeroporto), 531 (Nova Calif\u00f3rnia) e 537 (Jardim da Serra), todos descritos no letreiro com \u201cVia Parque Municipal\u201d.<\/p>\n","protected":false},"excerpt":{"rendered":"<p>Segundo informa\u00e7\u00f5es do site da Prefeitura de Juiz de Fora (PJF), os projetos esportivos do Parque Municipal tiveram in\u00edcio em fevereiro deste ano, e em pouco tempo j\u00e1 contaram com r\u00e1pida ades\u00e3o da popula\u00e7\u00e3o para o funcionamento das atividades f\u00edsicas no local. Durante os dez meses, entre fevereiro e dezembro, os profissionais de educa\u00e7\u00e3o f\u00edsica [&hellip;]<\/p>\n","protected":false},"author":246,"featured_media":208323,"comment_status":"closed","ping_status":"closed","sticky":false,"template":"","format":"standard","meta":{"footnotes":""},"categories":[436,257,439],"tags":[],"class_list":["post-208322","post","type-post","status-publish","format-standard","has-post-thumbnail","hentry","category-destaque-da-semana","category-esporte","category-ultima-hora"],"_links":{"self":[{"href":"https:\/\/diarioregionaldigital.com.br\/index.php?rest_route=\/wp\/v2\/posts\/208322","targetHints":{"allow":["GET"]}}],"collection":[{"href":"https:\/\/diarioregionaldigital.com.br\/index.php?rest_route=\/wp\/v2\/posts"}],"about":[{"href":"https:\/\/diarioregionaldigital.com.br\/index.php?rest_route=\/wp\/v2\/types\/post"}],"author":[{"embeddable":true,"href":"https:\/\/diarioregionaldigital.com.br\/index.php?rest_route=\/wp\/v2\/users\/246"}],"replies":[{"embeddable":true,"href":"https:\/\/diarioregionaldigital.com.br\/index.php?rest_route=%2Fwp%2Fv2%2Fcomments&post=208322"}],"version-history":[{"count":1,"href":"https:\/\/diarioregionaldigital.com.br\/index.php?rest_route=\/wp\/v2\/posts\/208322\/revisions"}],"predecessor-version":[{"id":208324,"href":"https:\/\/diarioregionaldigital.com.br\/index.php?rest_route=\/wp\/v2\/posts\/208322\/revisions\/208324"}],"wp:featuredmedia":[{"embeddable":true,"href":"https:\/\/diarioregionaldigital.com.br\/index.php?rest_route=\/wp\/v2\/media\/208323"}],"wp:attachment":[{"href":"https:\/\/diarioregionaldigital.com.br\/index.php?rest_route=%2Fwp%2Fv2%2Fmedia&parent=208322"}],"wp:term":[{"taxonomy":"category","embeddable":true,"href":"https:\/\/diarioregionaldigital.com.br\/index.php?rest_route=%2Fwp%2Fv2%2Fcategories&post=208322"},{"taxonomy":"post_tag","embeddable":true,"href":"https:\/\/diarioregionaldigital.com.br\/index.php?rest_route=%2Fwp%2Fv2%2Ftags&post=208322"}],"curies":[{"name":"wp","href":"https:\/\/api.w.org\/{rel}","templated":true}]}}