{"id":208316,"date":"2022-12-27T19:48:49","date_gmt":"2022-12-27T22:48:49","guid":{"rendered":"https:\/\/diarioregionaldigital.com.br\/?p=208316"},"modified":"2022-12-27T19:48:49","modified_gmt":"2022-12-27T22:48:49","slug":"abel-ferreira-concorre-ao-premio-de-melhor-tecnico-do-mundo-da-iffhs","status":"publish","type":"post","link":"https:\/\/diarioregionaldigital.com.br\/?p=208316","title":{"rendered":"Abel Ferreira concorre ao pr\u00eamio de melhor t\u00e9cnico do mundo da IFFHS"},"content":{"rendered":"<p>O portugu\u00eas Abel Ferreira, que comandou o Palmeiras na campanha do t\u00edtulo do Campeonato Brasileiro de 2022, \u00e9 um dos indicados ao pr\u00eamio de melhor t\u00e9cnico do mundo da Federa\u00e7\u00e3o Internacional de Hist\u00f3rias e Estat\u00edsticas do Futebol (IFFHS, sigla em ingl\u00eas).<img decoding=\"async\" src=\"https:\/\/agenciabrasil.ebc.com.br\/ebc.png?id=1500122&amp;o=node\" \/><img decoding=\"async\" src=\"https:\/\/agenciabrasil.ebc.com.br\/ebc.gif?id=1500122&amp;o=node\" \/><\/p>\n<p>Al\u00e9m do comandante do Alviverde, outros dois t\u00e9cnicos que trabalharam no Brasil em 2022 disputam a premia\u00e7\u00e3o: Dorival J\u00fanior, que levou o Flamengo aos t\u00edtulos da Copa do Brasil e da Ta\u00e7a Libertadores, e Luiz Felipe Scolari, finalista da competi\u00e7\u00e3o continental com o Athletico-PR.<\/p>\n<p>Os outros candidatos ao pr\u00eamio s\u00e3o: Carlo Ancelotti, do Real Madrid (Espanha), Pep Guardiola, do Manchester City (Inglaterra), J\u00fcrgen Klopp, do Liverpool (Inglaterra), Unai Emery, do Aston Villa (Inglaterra), Julian Nagelsmann, do Bayern de Munique (Alemanha), Oliver Glasner, do Eintracht Frankfurt (Alemanha), Jos\u00e9 Mourinho, da Roma (It\u00e1lia), Luciano Spalletti, do Napoli (It\u00e1lia), Hugo Ibarra, do Boca Juniors (Argentina), Walid Regragui, do Wydad Casablanca (Marrocos), Brian Schmetzer, do Seattle Sounders (EUA), e Albert Riera, do Auckland City (Nova Zel\u00e2ndia).<\/p>\n<p>Fonte: Ag\u00eancia Brasil<\/p>\n","protected":false},"excerpt":{"rendered":"<p>O portugu\u00eas Abel Ferreira, que comandou o Palmeiras na campanha do t\u00edtulo do Campeonato Brasileiro de 2022, \u00e9 um dos indicados ao pr\u00eamio de melhor t\u00e9cnico do mundo da Federa\u00e7\u00e3o Internacional de Hist\u00f3rias e Estat\u00edsticas do Futebol (IFFHS, sigla em ingl\u00eas). Al\u00e9m do comandante do Alviverde, outros dois t\u00e9cnicos que trabalharam no Brasil em 2022 [&hellip;]<\/p>\n","protected":false},"author":246,"featured_media":208317,"comment_status":"closed","ping_status":"closed","sticky":false,"template":"","format":"standard","meta":{"footnotes":""},"categories":[436,257,439],"tags":[],"class_list":["post-208316","post","type-post","status-publish","format-standard","has-post-thumbnail","hentry","category-destaque-da-semana","category-esporte","category-ultima-hora"],"_links":{"self":[{"href":"https:\/\/diarioregionaldigital.com.br\/index.php?rest_route=\/wp\/v2\/posts\/208316","targetHints":{"allow":["GET"]}}],"collection":[{"href":"https:\/\/diarioregionaldigital.com.br\/index.php?rest_route=\/wp\/v2\/posts"}],"about":[{"href":"https:\/\/diarioregionaldigital.com.br\/index.php?rest_route=\/wp\/v2\/types\/post"}],"author":[{"embeddable":true,"href":"https:\/\/diarioregionaldigital.com.br\/index.php?rest_route=\/wp\/v2\/users\/246"}],"replies":[{"embeddable":true,"href":"https:\/\/diarioregionaldigital.com.br\/index.php?rest_route=%2Fwp%2Fv2%2Fcomments&post=208316"}],"version-history":[{"count":1,"href":"https:\/\/diarioregionaldigital.com.br\/index.php?rest_route=\/wp\/v2\/posts\/208316\/revisions"}],"predecessor-version":[{"id":208318,"href":"https:\/\/diarioregionaldigital.com.br\/index.php?rest_route=\/wp\/v2\/posts\/208316\/revisions\/208318"}],"wp:featuredmedia":[{"embeddable":true,"href":"https:\/\/diarioregionaldigital.com.br\/index.php?rest_route=\/wp\/v2\/media\/208317"}],"wp:attachment":[{"href":"https:\/\/diarioregionaldigital.com.br\/index.php?rest_route=%2Fwp%2Fv2%2Fmedia&parent=208316"}],"wp:term":[{"taxonomy":"category","embeddable":true,"href":"https:\/\/diarioregionaldigital.com.br\/index.php?rest_route=%2Fwp%2Fv2%2Fcategories&post=208316"},{"taxonomy":"post_tag","embeddable":true,"href":"https:\/\/diarioregionaldigital.com.br\/index.php?rest_route=%2Fwp%2Fv2%2Ftags&post=208316"}],"curies":[{"name":"wp","href":"https:\/\/api.w.org\/{rel}","templated":true}]}}