{"id":208313,"date":"2022-12-27T19:46:42","date_gmt":"2022-12-27T22:46:42","guid":{"rendered":"https:\/\/diarioregionaldigital.com.br\/?p=208313"},"modified":"2022-12-27T19:46:42","modified_gmt":"2022-12-27T22:46:42","slug":"cruzeiro-apresenta-o-atacante-wesley","status":"publish","type":"post","link":"https:\/\/diarioregionaldigital.com.br\/?p=208313","title":{"rendered":"Cruzeiro apresenta o atacante Wesley"},"content":{"rendered":"<p>O Cruzeiro apresentou nesta ter\u00e7a-feira (27) o atacante Wesley. O jogador de 23 anos de idade, que estava no Palmeiras, fechou pelas pr\u00f3ximas quatro temporadas com a Raposa, que em 2023 retorna \u00e0 S\u00e9rie A do Campeonato Brasileiro.<img decoding=\"async\" src=\"https:\/\/agenciabrasil.ebc.com.br\/ebc.png?id=1500141&amp;o=node\" \/><img decoding=\"async\" src=\"https:\/\/agenciabrasil.ebc.com.br\/ebc.gif?id=1500141&amp;o=node\" \/><\/p>\n<p>\u201c\u00c9 um clube gigante. O Cruzeiro est\u00e1 voltando \u00e0 realidade da qual nunca deveria ter sa\u00eddo [da S\u00e9rie A]. Estou feliz aqui, me receberam muito bem. J\u00e1 posso dizer que estou me sentindo em casa. O Cruzeiro sobrou na S\u00e9rie B. E o espet\u00e1culo que a torcida dava \u00e9 de arrepiar, com o Mineir\u00e3o cheio. Estou ansioso para experimentar essa sensa\u00e7\u00e3o\u201d, afirmou o atacante em v\u00eddeo divulgado pela equipe mineira.<\/p>\n<p>Wesley \u00e9 apenas um dos refor\u00e7os que o Cruzeiro apresentou desde que garantiu o retorno \u00e0 S\u00e9rie A do Brasileiro. Al\u00e9m dele, a Raposa j\u00e1 acertou com o zagueiro Neris, o meia Mateus Vital, o lateral Igor Formiga e os volantes Ramiro e Wallison.<\/p>\n<p><span style=\"font-weight: 400;\">\u00a0<\/span><span style=\"font-weight: 400;\"><br \/>\n<\/span><span style=\"font-weight: 400;\">Fonte: Ag\u00eancia Brasil <\/span><\/p>\n","protected":false},"excerpt":{"rendered":"<p>O Cruzeiro apresentou nesta ter\u00e7a-feira (27) o atacante Wesley. O jogador de 23 anos de idade, que estava no Palmeiras, fechou pelas pr\u00f3ximas quatro temporadas com a Raposa, que em 2023 retorna \u00e0 S\u00e9rie A do Campeonato Brasileiro. \u201c\u00c9 um clube gigante. O Cruzeiro est\u00e1 voltando \u00e0 realidade da qual nunca deveria ter sa\u00eddo [da [&hellip;]<\/p>\n","protected":false},"author":246,"featured_media":208314,"comment_status":"closed","ping_status":"closed","sticky":false,"template":"","format":"standard","meta":{"footnotes":""},"categories":[436,440,257,439],"tags":[],"class_list":["post-208313","post","type-post","status-publish","format-standard","has-post-thumbnail","hentry","category-destaque-da-semana","category-destaques-do-dia","category-esporte","category-ultima-hora"],"_links":{"self":[{"href":"https:\/\/diarioregionaldigital.com.br\/index.php?rest_route=\/wp\/v2\/posts\/208313","targetHints":{"allow":["GET"]}}],"collection":[{"href":"https:\/\/diarioregionaldigital.com.br\/index.php?rest_route=\/wp\/v2\/posts"}],"about":[{"href":"https:\/\/diarioregionaldigital.com.br\/index.php?rest_route=\/wp\/v2\/types\/post"}],"author":[{"embeddable":true,"href":"https:\/\/diarioregionaldigital.com.br\/index.php?rest_route=\/wp\/v2\/users\/246"}],"replies":[{"embeddable":true,"href":"https:\/\/diarioregionaldigital.com.br\/index.php?rest_route=%2Fwp%2Fv2%2Fcomments&post=208313"}],"version-history":[{"count":1,"href":"https:\/\/diarioregionaldigital.com.br\/index.php?rest_route=\/wp\/v2\/posts\/208313\/revisions"}],"predecessor-version":[{"id":208315,"href":"https:\/\/diarioregionaldigital.com.br\/index.php?rest_route=\/wp\/v2\/posts\/208313\/revisions\/208315"}],"wp:featuredmedia":[{"embeddable":true,"href":"https:\/\/diarioregionaldigital.com.br\/index.php?rest_route=\/wp\/v2\/media\/208314"}],"wp:attachment":[{"href":"https:\/\/diarioregionaldigital.com.br\/index.php?rest_route=%2Fwp%2Fv2%2Fmedia&parent=208313"}],"wp:term":[{"taxonomy":"category","embeddable":true,"href":"https:\/\/diarioregionaldigital.com.br\/index.php?rest_route=%2Fwp%2Fv2%2Fcategories&post=208313"},{"taxonomy":"post_tag","embeddable":true,"href":"https:\/\/diarioregionaldigital.com.br\/index.php?rest_route=%2Fwp%2Fv2%2Ftags&post=208313"}],"curies":[{"name":"wp","href":"https:\/\/api.w.org\/{rel}","templated":true}]}}