{"id":208310,"date":"2022-12-27T19:38:39","date_gmt":"2022-12-27T22:38:39","guid":{"rendered":"https:\/\/diarioregionaldigital.com.br\/?p=208310"},"modified":"2022-12-27T19:38:39","modified_gmt":"2022-12-27T22:38:39","slug":"governador-do-df-fala-em-acelerar-desmobilizacao-de-acampamentos-em-qg","status":"publish","type":"post","link":"https:\/\/diarioregionaldigital.com.br\/?p=208310","title":{"rendered":"Governador do DF fala em acelerar desmobiliza\u00e7\u00e3o de acampamentos em QG"},"content":{"rendered":"<p>O governador do Distrito Federal, Ibaneis Rocha, disse\u00a0hoje\u00a0(27) que a Secretaria de Seguran\u00e7a P\u00fablica negocia com o Ex\u00e9rcito para acelerar a desmobiliza\u00e7\u00e3o de acampamentos instalados em frente ao Quartel-General em Bras\u00edlia.<img decoding=\"async\" src=\"https:\/\/agenciabrasil.ebc.com.br\/ebc.png?id=1500057&amp;o=node\" \/><img decoding=\"async\" src=\"https:\/\/agenciabrasil.ebc.com.br\/ebc.gif?id=1500057&amp;o=node\" \/><\/p>\n<p>Segundo ele, cerca de 40 barracas j\u00e1 foram retiradas e a expectativa do governo \u00e9 que, at\u00e9 o pr\u00f3ximo\u00a0domingo\u00a0(1\u00ba), dia da posse presidencial, haja uma redu\u00e7\u00e3o na quantidade de manifestantes que rejeitam os resultados das elei\u00e7\u00f5es\u00a0de outubro\u00a0e permanecem no local. \u201cA gente espera que essa desmobiliza\u00e7\u00e3o ocorra de forma natural.\u201d<\/p>\n<p>Em coletiva de imprensa no Pal\u00e1cio do Buriti, o chefe do Executivo local destacou que todo o efetivo da Pol\u00edcia Militar do Distrito Federal estar\u00e1 em condi\u00e7\u00f5es para atuar na cerim\u00f4nia de posse do presidente eleito Luiz In\u00e1cio Lula da Silva. Ibaneis disse que haver\u00e1 ainda apoio por parte da Pol\u00edcia Civil, de forma infiltrada, sobretudo, devido aos \u201c\u00faltimos acontecimentos\u201d, ao se referir \u00e0 tentativa de explos\u00e3o de uma bomba no Aeroporto Internacional de Bras\u00edlia no \u00faltimo\u00a0s\u00e1bado\u00a0(24),\u00a0v\u00e9spera de Natal.<\/p>\n<div class=\"dnd-widget-wrapper context-cheio_8colunas type-image\">\n<div class=\"dnd-atom-rendered\">\n<div class=\"shadow overflow-hidden rounded-lg d-block zoom-on-hover-sm shadow-hover w-100\"><img decoding=\"async\" class=\"flex-fill img-cover\" title=\"Jos\u00e9 Cruz\/Ag\u00eancia Brasil\" src=\"https:\/\/imagens.ebc.com.br\/y3KQLgh5mw9c7ur6ht8pUbulVxE=\/754x0\/smart\/https:\/\/agenciabrasil.ebc.com.br\/sites\/default\/files\/thumbnails\/image\/gdf_defesa_jfcrz_202212271267.jpg?itok=LbGDsTo3\" alt=\"O futuro ministro da Defesa, Jos\u00e9 M\u00facio Monteiro e da Justi\u00e7a, Flavio Dino, falam \u00e0 imprensa ap\u00f3s reuni\u00e3o com o governador do Distrito Federal, Ibaneis Rocha\" \/><\/div>\n<\/div>\n<div class=\"dnd-caption-wrapper\">\n<h4 class=\"meta\">O futuro ministro da Defesa, Jos\u00e9 M\u00facio Monteiro, participou de encontro no Pal\u00e1cio do Buriti\u00a0&#8211;\u00a0<strong>Jos\u00e9 Cruz\/Ag\u00eancia Brasil<\/strong><\/h4>\n<\/div>\n<\/div>\n<p>O futuro ministro da Justi\u00e7a e Seguran\u00e7a P\u00fablica, Fl\u00e1vio Dino, participou da reuni\u00e3o com o governador do Distrito Federal acompanhado do tamb\u00e9m futuro ministro da Defesa, Jos\u00e9 M\u00facio, e comemorou o resultado do encontro. \u201cObtivemos esse compromisso no sentido de que haver\u00e1 uma mobiliza\u00e7\u00e3o integral, de 100% do efetivo da pol\u00edcia militar, da pol\u00edcia civil e do corpo de bombeiros para garantir seguran\u00e7a n\u00e3o s\u00f3 ao presidente da Rep\u00fablica e \u00e0s delega\u00e7\u00f5es estrangeiras, mas \u00e0s pessoas que v\u00e3o participar do evento\u201d.<\/p>\n<p>Segundo Dino, n\u00e3o h\u00e1, at\u00e9 o presente momento, nenhum tipo de altera\u00e7\u00e3o no roteiro da cerim\u00f4nia de posse presidencial. \u201cEst\u00e1 mantido o roteiro desde a catedral\u201d, disse, ponderando que todo planejamento para grandes eventos, como \u00e9 o caso da cerim\u00f4nia de posse, envolve alternativas e funciona de forma din\u00e2mica. Questionado se Lula vai desfilar em carro aberto, por exemplo, ele frisou que a decis\u00e3o ser\u00e1 tomada somente no dia 1\u00ba e que, al\u00e9m da seguran\u00e7a, deve considerar outros fatores como a situa\u00e7\u00e3o clim\u00e1tica na capital federal.<\/p>\n<p>\u201cTemos um grande sistema de intelig\u00eancia voltado para grandes eventos. Para todos aqueles que estiverem pensando em algo parecido [com o que ocorreu no \u00faltimo\u00a0s\u00e1bado], podem\u00a0ter\u00a0certeza de que ser\u00e3o repreendidos\u201d, refor\u00e7ou Ibaneis. \u201cTodas as pessoas que vir\u00e3o para a posse participar\u00e3o de um evento em paz e retornar\u00e3o para os seus lares em paz. N\u00e3o ser\u00e3o pequenos grupos terroristas e extremistas que v\u00e3o emparedar as institui\u00e7\u00f5es da democracia brasileira\u201d, completou Dino.<\/p>\n<p><span style=\"font-weight: 400;\">Fonte: Ag\u00eancia Brasil <\/span><\/p>\n","protected":false},"excerpt":{"rendered":"<p>O governador do Distrito Federal, Ibaneis Rocha, disse\u00a0hoje\u00a0(27) que a Secretaria de Seguran\u00e7a P\u00fablica negocia com o Ex\u00e9rcito para acelerar a desmobiliza\u00e7\u00e3o de acampamentos instalados em frente ao Quartel-General em Bras\u00edlia. Segundo ele, cerca de 40 barracas j\u00e1 foram retiradas e a expectativa do governo \u00e9 que, at\u00e9 o pr\u00f3ximo\u00a0domingo\u00a0(1\u00ba), dia da posse presidencial, haja [&hellip;]<\/p>\n","protected":false},"author":246,"featured_media":208311,"comment_status":"closed","ping_status":"closed","sticky":false,"template":"","format":"standard","meta":{"footnotes":""},"categories":[436,254,439],"tags":[],"class_list":["post-208310","post","type-post","status-publish","format-standard","has-post-thumbnail","hentry","category-destaque-da-semana","category-politica","category-ultima-hora"],"_links":{"self":[{"href":"https:\/\/diarioregionaldigital.com.br\/index.php?rest_route=\/wp\/v2\/posts\/208310","targetHints":{"allow":["GET"]}}],"collection":[{"href":"https:\/\/diarioregionaldigital.com.br\/index.php?rest_route=\/wp\/v2\/posts"}],"about":[{"href":"https:\/\/diarioregionaldigital.com.br\/index.php?rest_route=\/wp\/v2\/types\/post"}],"author":[{"embeddable":true,"href":"https:\/\/diarioregionaldigital.com.br\/index.php?rest_route=\/wp\/v2\/users\/246"}],"replies":[{"embeddable":true,"href":"https:\/\/diarioregionaldigital.com.br\/index.php?rest_route=%2Fwp%2Fv2%2Fcomments&post=208310"}],"version-history":[{"count":1,"href":"https:\/\/diarioregionaldigital.com.br\/index.php?rest_route=\/wp\/v2\/posts\/208310\/revisions"}],"predecessor-version":[{"id":208312,"href":"https:\/\/diarioregionaldigital.com.br\/index.php?rest_route=\/wp\/v2\/posts\/208310\/revisions\/208312"}],"wp:featuredmedia":[{"embeddable":true,"href":"https:\/\/diarioregionaldigital.com.br\/index.php?rest_route=\/wp\/v2\/media\/208311"}],"wp:attachment":[{"href":"https:\/\/diarioregionaldigital.com.br\/index.php?rest_route=%2Fwp%2Fv2%2Fmedia&parent=208310"}],"wp:term":[{"taxonomy":"category","embeddable":true,"href":"https:\/\/diarioregionaldigital.com.br\/index.php?rest_route=%2Fwp%2Fv2%2Fcategories&post=208310"},{"taxonomy":"post_tag","embeddable":true,"href":"https:\/\/diarioregionaldigital.com.br\/index.php?rest_route=%2Fwp%2Fv2%2Ftags&post=208310"}],"curies":[{"name":"wp","href":"https:\/\/api.w.org\/{rel}","templated":true}]}}