{"id":208307,"date":"2022-12-27T19:37:03","date_gmt":"2022-12-27T22:37:03","guid":{"rendered":"https:\/\/diarioregionaldigital.com.br\/?p=208307"},"modified":"2022-12-27T19:37:03","modified_gmt":"2022-12-27T22:37:03","slug":"veiculos-da-ebc-farao-ampla-cobertura-da-posse-presidencial-2","status":"publish","type":"post","link":"https:\/\/diarioregionaldigital.com.br\/?p=208307","title":{"rendered":"Ve\u00edculos da EBC far\u00e3o ampla cobertura da posse presidencial"},"content":{"rendered":"<p>A posse do novo presidente da Rep\u00fablica, Luiz In\u00e1cio Lula da Silva, no dia 1\u00ba de janeiro, em Bras\u00edlia, ganhar\u00e1 ampla cobertura jornal\u00edstica dos diversos ve\u00edculos da\u00a0<strong>Empresa Brasil de Comunica\u00e7\u00e3o (EBC)<\/strong>. Com not\u00edcias em tempo real, equipes da\u00a0<strong>TV Brasil<\/strong>,\u00a0<strong>Ag\u00eancia Brasil\u00a0<\/strong>e\u00a0<strong>R\u00e1dio Nacional\u00a0<\/strong>entram no ar j\u00e1 pela manh\u00e3, com boletins e reportagens sobre o evento.<img decoding=\"async\" src=\"https:\/\/agenciabrasil.ebc.com.br\/ebc.png?id=1499971&amp;o=node\" \/><img decoding=\"async\" src=\"https:\/\/agenciabrasil.ebc.com.br\/ebc.gif?id=1499971&amp;o=node\" \/><\/p>\n<p>Para dar in\u00edcio \u00e0 cobertura na<strong>\u00a0TV Brasil<\/strong>, a partir das 10h, flashes a cada hora v\u00e3o mostrar os \u00faltimos preparativos para a solenidade, al\u00e9m de trazer, por meio da Rede Nacional de Comunica\u00e7\u00e3o P\u00fablica (RNCP), informa\u00e7\u00f5es sobre a posse dos governadores eleitos nos estados.<\/p>\n<p>\u00c0s 13h, come\u00e7a o programa especial que vai acompanhar ao vivo a cerim\u00f4nia no Distrito Federal. Os apresentadores Roberto Camargo, Renata Corsini e o comentarista pol\u00edtico e professor Ricardo Caldas, da Universidade de Bras\u00edlia, estar\u00e3o nos est\u00fadios da emissora p\u00fablica na capital federal. Com an\u00e1lises, coment\u00e1rios e mat\u00e9rias especiais, a equipe vai conduzir a transmiss\u00e3o, que conta com a participa\u00e7\u00e3o de rep\u00f3rteres em pontos estrat\u00e9gicos do evento.<\/p>\n<p>Assim que a cerim\u00f4nia come\u00e7ar oficialmente, por volta das 14h20, a<strong>\u00a0TV Brasil<\/strong>\u00a0passa a coordenar o\u00a0<em>pool\u00a0<\/em>de emissoras de tev\u00ea que vai mostrar todos os detalhes da solenidade: o juramento \u00e0 Constitui\u00e7\u00e3o no Congresso Nacional, os discursos do novo Presidente da Rep\u00fablica e a posse dos novos ministros de estado no Pal\u00e1cio do Planalto.<\/p>\n<p>A\u00a0<strong>R\u00e1dio Nacional<\/strong>\u00a0tamb\u00e9m acompanhar\u00e1 os principais acontecimentos de Bras\u00edlia durante todo o dia. A partir das 10h, o apresentador Miguelzinho Martins comanda a cobertura jornal\u00edstica da posse dos governadores, que conta com boletins em tempo real, a cada 30 minutos.<\/p>\n<p>A partir das 13h30, a emissora p\u00fablica leva ao ar o programa especial apresentado por Valter Lima, com a participa\u00e7\u00e3o de especialistas e transmiss\u00e3o em rede do notici\u00e1rio veiculado pela\u00a0<strong>TV Brasil<\/strong>. Por telefone, rep\u00f3rteres da Nacional far\u00e3o entradas no notici\u00e1rio trazendo informa\u00e7\u00f5es diretamente da Catedral Metropolitana Nossa Senhora Aparecida, do Congresso Nacional, do Pal\u00e1cio do Planalto e do Pal\u00e1cio do Itamaraty.<\/p>\n<p>Not\u00edcias sobre a cerim\u00f4nia e informa\u00e7\u00f5es a respeito do novo governo em mat\u00e9rias especiais estar\u00e3o em pauta ao longo do dia 1\u00ba de janeiro na\u00a0<strong>Ag\u00eancia Brasil<\/strong>. Com uma equipe refor\u00e7ada de jornalistas, a\u00a0<strong>Ag\u00eancia Brasil<\/strong>\u00a0traz os fatos mais importantes noticiados por rep\u00f3rteres que v\u00e3o acompanhar toda a movimenta\u00e7\u00e3o do p\u00fablico e de autoridades, o esquema de seguran\u00e7a e o deslocamento do presidente eleito.<\/p>\n<p>A interatividade tamb\u00e9m marca a cobertura dos ve\u00edculos da\u00a0<strong>EBC<\/strong>, que pode ser conferida ainda nos canais\u00a0<strong>EBC<\/strong>\u00a0no Twitter, Instagram, Facebook e Youtube, nos perfis @tvbrasil, @ag\u00eanciabrasil e @radionacionalbr. Nas redes sociais, as reportagens sobre a posse levam as hashtags #EBCnaPosse e #PossePresidencial.<\/p>\n<h2>Solenidade<\/h2>\n<p>A posse seguir\u00e1 o protocolo tradicional, que come\u00e7a com o desfile do novo presidente em carro aberto pela Esplanada dos Minist\u00e9rios. Lula chega ao Congresso Nacional, para a posse oficial no plen\u00e1rio da C\u00e2mara, em torno das 14h30.<\/p>\n<p>Em seguida, o presidente eleito vai para o Pal\u00e1cio do Planalto, onde recebe a faixa presidencial, faz o discurso no parlat\u00f3rio e cumprimenta os chefes de Estado e de governo presentes na cerim\u00f4nia.<\/p>\n<p>A estimativa \u00e9 que os protocolos se encerrem at\u00e9 18h30, para que comecem os shows programados para a Esplanada. \u00c0s 19h30, est\u00e1 prevista recep\u00e7\u00e3o \u00e0s delega\u00e7\u00f5es estrangeiras no Pal\u00e1cio do Itamaraty.<\/p>\n<p>&nbsp;<\/p>\n<p><strong>TV Brasil na internet e nas redes sociais<\/strong><\/p>\n<p>Site: https:\/\/tvbrasil.ebc.com.br<\/p>\n<p>WebTV: https:\/\/tvbrasil.ebc.com.br\/webtv<\/p>\n<p>Instagram: https:\/\/www.instagram.com\/tvbrasil<\/p>\n<p>YouTube: https:\/\/www.youtube.com\/tvbrasil<\/p>\n<p>Facebook: https:\/\/www.facebook.com\/tvbrasil<\/p>\n<p>Twitter: https:\/\/twitter.com\/TVBrasil<\/p>\n<p>TikTok: https:\/\/www.tiktok.com\/@tvbrasil<\/p>\n<p><strong>Saiba como sintonizar a TV Brasil<\/strong><\/p>\n<p>https:\/\/tvbrasil.ebc.com.br\/comosintonizar<\/p>\n<p><span style=\"font-weight: 400;\">Fonte: Ag\u00eancia Brasil <\/span><\/p>\n","protected":false},"excerpt":{"rendered":"<p>A posse do novo presidente da Rep\u00fablica, Luiz In\u00e1cio Lula da Silva, no dia 1\u00ba de janeiro, em Bras\u00edlia, ganhar\u00e1 ampla cobertura jornal\u00edstica dos diversos ve\u00edculos da\u00a0Empresa Brasil de Comunica\u00e7\u00e3o (EBC). Com not\u00edcias em tempo real, equipes da\u00a0TV Brasil,\u00a0Ag\u00eancia Brasil\u00a0e\u00a0R\u00e1dio Nacional\u00a0entram no ar j\u00e1 pela manh\u00e3, com boletins e reportagens sobre o evento. Para dar [&hellip;]<\/p>\n","protected":false},"author":246,"featured_media":208308,"comment_status":"closed","ping_status":"closed","sticky":false,"template":"","format":"standard","meta":{"footnotes":""},"categories":[436,254,439],"tags":[],"class_list":["post-208307","post","type-post","status-publish","format-standard","has-post-thumbnail","hentry","category-destaque-da-semana","category-politica","category-ultima-hora"],"_links":{"self":[{"href":"https:\/\/diarioregionaldigital.com.br\/index.php?rest_route=\/wp\/v2\/posts\/208307","targetHints":{"allow":["GET"]}}],"collection":[{"href":"https:\/\/diarioregionaldigital.com.br\/index.php?rest_route=\/wp\/v2\/posts"}],"about":[{"href":"https:\/\/diarioregionaldigital.com.br\/index.php?rest_route=\/wp\/v2\/types\/post"}],"author":[{"embeddable":true,"href":"https:\/\/diarioregionaldigital.com.br\/index.php?rest_route=\/wp\/v2\/users\/246"}],"replies":[{"embeddable":true,"href":"https:\/\/diarioregionaldigital.com.br\/index.php?rest_route=%2Fwp%2Fv2%2Fcomments&post=208307"}],"version-history":[{"count":1,"href":"https:\/\/diarioregionaldigital.com.br\/index.php?rest_route=\/wp\/v2\/posts\/208307\/revisions"}],"predecessor-version":[{"id":208309,"href":"https:\/\/diarioregionaldigital.com.br\/index.php?rest_route=\/wp\/v2\/posts\/208307\/revisions\/208309"}],"wp:featuredmedia":[{"embeddable":true,"href":"https:\/\/diarioregionaldigital.com.br\/index.php?rest_route=\/wp\/v2\/media\/208308"}],"wp:attachment":[{"href":"https:\/\/diarioregionaldigital.com.br\/index.php?rest_route=%2Fwp%2Fv2%2Fmedia&parent=208307"}],"wp:term":[{"taxonomy":"category","embeddable":true,"href":"https:\/\/diarioregionaldigital.com.br\/index.php?rest_route=%2Fwp%2Fv2%2Fcategories&post=208307"},{"taxonomy":"post_tag","embeddable":true,"href":"https:\/\/diarioregionaldigital.com.br\/index.php?rest_route=%2Fwp%2Fv2%2Ftags&post=208307"}],"curies":[{"name":"wp","href":"https:\/\/api.w.org\/{rel}","templated":true}]}}