{"id":208304,"date":"2022-12-27T19:35:05","date_gmt":"2022-12-27T22:35:05","guid":{"rendered":"https:\/\/diarioregionaldigital.com.br\/?p=208304"},"modified":"2022-12-27T19:35:05","modified_gmt":"2022-12-27T22:35:05","slug":"padilha-confirma-convite-e-sinal-positivo-de-tebet-para-planejamento","status":"publish","type":"post","link":"https:\/\/diarioregionaldigital.com.br\/?p=208304","title":{"rendered":"Padilha confirma convite e \u201csinal positivo\u201d de Tebet para Planejamento"},"content":{"rendered":"<p>O futuro ministro das Rela\u00e7\u00f5es Institucionais, Alexandre Padilha, confirmou\u00a0<span id=\"OBJ_PREFIX_DWT184_com_zimbra_date\" role=\"link\">hoje<\/span>\u00a0(27) o convite feito \u00e0 senadora Simone Tebet (MDB-MS) para ocupar o Minist\u00e9rio do Planejamento, que ser\u00e1 recriado pelo governo do presidente eleito\u00a0Luiz In\u00e1cio Lula da Silva.<img decoding=\"async\" src=\"https:\/\/agenciabrasil.ebc.com.br\/ebc.png?id=1500078&amp;o=node\" \/><img decoding=\"async\" src=\"https:\/\/agenciabrasil.ebc.com.br\/ebc.gif?id=1500078&amp;o=node\" \/><\/p>\n<p>De acordo com Padilha, Lula convidou Tebet na \u00faltima\u00a0<span id=\"OBJ_PREFIX_DWT185_com_zimbra_date\" role=\"link\">sexta<\/span>-feira (23) e teria havido \u201csinaliza\u00e7\u00e3o positiva por parte da senadora\u201d. O ministro negou que tenha sido costurado um acordo para tornar mais robusta\u00a0a estrutura do Planejamento e que isso teria levado ao aceite da parlamentar.<\/p>\n<p>Segundo Padilha, o convite foi feito por Lula \u201cpelo papel que ela teve no segundo turno, pela qualidade que ela tem como senadora, essa foi a motiva\u00e7\u00e3o\u201d. Ele deu as declara\u00e7\u00f5es ap\u00f3s reuni\u00e3o com o presidente do MDB, Baleia Rossi.<\/p>\n<p>Em terceiro lugar na corrida presidencial, Simone Tebet\u00a0declarou apoio a Lula no segundo turno e teve papel ativo na campanha, subindo em palanque e viajando pelo pa\u00eds em defesa da candidatura lulista. Isso aumentou o seu cacife para assumir uma pasta no novo governo.<\/p>\n<p>De in\u00edcio, a senadora gostaria de ocupar uma pasta mais ligada \u00e0 execu\u00e7\u00e3o de programas sociais do governo, mas teria aceitado o Planejamento diante de seu papel estrat\u00e9gico na defini\u00e7\u00e3o do or\u00e7amento e de pol\u00edticas p\u00fablicas.<\/p>\n<p>Por diversas vezes, Padilha ressaltou o \u201cpapel central\u201d do Planejamento na composi\u00e7\u00e3o do governo\u00a0e frisou que a pasta participa dos comit\u00eas gestores de programas como o Bolsa Fam\u00edlia e o Minha Casa, Minha Vida, duas vitrines de governos petistas que devem retornar na nova gest\u00e3o de Lula.<\/p>\n<p>Ele negou que tenha havido acordo para turbinar o Planejamento, de modo a convencer Simone Tebet. Segundo o futuro ministro, j\u00e1 estava previsto pelo relat\u00f3rio final do gabinete de transi\u00e7\u00e3o que a estrutura do minist\u00e9rio a ser recriado tenha sob seu guarda-chuva institui\u00e7\u00f5es importantes como o Instituto Brasileiro de Geografia e Estat\u00edstica (IBGE) e o Instituto de Pesquisa Econ\u00f4mica e Aplicada (Ipea). \u201cIsso n\u00e3o foi discutido\u201d com a senadora, afirmou o futuro ministro.<\/p>\n<p>Padilha disse que uma reuni\u00e3o deve ser organizada ainda nesta\u00a0<span id=\"OBJ_PREFIX_DWT186_com_zimbra_date\" role=\"link\">ter<\/span>\u00e7a-feira (27) para \u201cfechar os \u00faltimos detalhes\u201d\u00a0e confirmar o nome de Tebet no Planejamento.<\/p>\n<h2>Outros minist\u00e9rios<\/h2>\n<p>Al\u00e9m do Planejamento, outros 15 minist\u00e9rios ainda est\u00e3o sem titulares. Padilha disse que \u201cnada est\u00e1 definido\u201d e que as conversas com pessoas, partidos e bancadas continuam at\u00e9 o fim da semana.<\/p>\n<p>O futuro ministro das Rela\u00e7\u00f5es Institucionais agradeceu a disposi\u00e7\u00e3o\u00a0dos parlamentares e partidos que se empenharam na aprova\u00e7\u00e3o da Proposta de Emenda Constitucional (PEC) da Transi\u00e7\u00e3o neste m\u00eas, incluindo alguns que comp\u00f5em a base do atual governo Bolsonaro. Padilha disse que esses empenhos \u201cest\u00e3o sendo considerados\u201d na composi\u00e7\u00e3o do novo governo.<\/p>\n<p><span style=\"font-weight: 400;\">Fonte: Ag\u00eancia Brasil <\/span><\/p>\n","protected":false},"excerpt":{"rendered":"<p>O futuro ministro das Rela\u00e7\u00f5es Institucionais, Alexandre Padilha, confirmou\u00a0hoje\u00a0(27) o convite feito \u00e0 senadora Simone Tebet (MDB-MS) para ocupar o Minist\u00e9rio do Planejamento, que ser\u00e1 recriado pelo governo do presidente eleito\u00a0Luiz In\u00e1cio Lula da Silva. De acordo com Padilha, Lula convidou Tebet na \u00faltima\u00a0sexta-feira (23) e teria havido \u201csinaliza\u00e7\u00e3o positiva por parte da senadora\u201d. O [&hellip;]<\/p>\n","protected":false},"author":246,"featured_media":208305,"comment_status":"closed","ping_status":"closed","sticky":false,"template":"","format":"standard","meta":{"footnotes":""},"categories":[436,254,439],"tags":[],"class_list":["post-208304","post","type-post","status-publish","format-standard","has-post-thumbnail","hentry","category-destaque-da-semana","category-politica","category-ultima-hora"],"_links":{"self":[{"href":"https:\/\/diarioregionaldigital.com.br\/index.php?rest_route=\/wp\/v2\/posts\/208304","targetHints":{"allow":["GET"]}}],"collection":[{"href":"https:\/\/diarioregionaldigital.com.br\/index.php?rest_route=\/wp\/v2\/posts"}],"about":[{"href":"https:\/\/diarioregionaldigital.com.br\/index.php?rest_route=\/wp\/v2\/types\/post"}],"author":[{"embeddable":true,"href":"https:\/\/diarioregionaldigital.com.br\/index.php?rest_route=\/wp\/v2\/users\/246"}],"replies":[{"embeddable":true,"href":"https:\/\/diarioregionaldigital.com.br\/index.php?rest_route=%2Fwp%2Fv2%2Fcomments&post=208304"}],"version-history":[{"count":1,"href":"https:\/\/diarioregionaldigital.com.br\/index.php?rest_route=\/wp\/v2\/posts\/208304\/revisions"}],"predecessor-version":[{"id":208306,"href":"https:\/\/diarioregionaldigital.com.br\/index.php?rest_route=\/wp\/v2\/posts\/208304\/revisions\/208306"}],"wp:featuredmedia":[{"embeddable":true,"href":"https:\/\/diarioregionaldigital.com.br\/index.php?rest_route=\/wp\/v2\/media\/208305"}],"wp:attachment":[{"href":"https:\/\/diarioregionaldigital.com.br\/index.php?rest_route=%2Fwp%2Fv2%2Fmedia&parent=208304"}],"wp:term":[{"taxonomy":"category","embeddable":true,"href":"https:\/\/diarioregionaldigital.com.br\/index.php?rest_route=%2Fwp%2Fv2%2Fcategories&post=208304"},{"taxonomy":"post_tag","embeddable":true,"href":"https:\/\/diarioregionaldigital.com.br\/index.php?rest_route=%2Fwp%2Fv2%2Ftags&post=208304"}],"curies":[{"name":"wp","href":"https:\/\/api.w.org\/{rel}","templated":true}]}}