{"id":208301,"date":"2022-12-27T19:33:17","date_gmt":"2022-12-27T22:33:17","guid":{"rendered":"https:\/\/diarioregionaldigital.com.br\/?p=208301"},"modified":"2022-12-27T19:33:17","modified_gmt":"2022-12-27T22:33:17","slug":"segundo-suspeito-de-atentado-com-bomba-fugiu-do-df-diz-governador","status":"publish","type":"post","link":"https:\/\/diarioregionaldigital.com.br\/?p=208301","title":{"rendered":"Segundo suspeito de atentado com bomba fugiu do DF, diz governador"},"content":{"rendered":"<p>O governador do Distrito Federal, Ibaneis Rocha, disse\u00a0hoje\u00a0(27) que a Pol\u00edcia Civil acredita que o segundo suspeito de ajudar a montar um artefato explosivo em Bras\u00edlia tenha fugido\u00a0da capital federal. No \u00faltimo\u00a0s\u00e1bado\u00a0(24), um\u00a0<a href=\"https:\/\/agenciabrasil.ebc.com.br\/geral\/noticia\/2022-12\/empresario-e-preso-no-df-apos-tentativa-de-atentado\" target=\"_blank\" rel=\"noopener\">empres\u00e1rio foi preso<\/a>\u00a0com um arsenal de armas e confessou\u00a0ter\u00a0colocado uma bomba em um caminh\u00e3o-tanque que seguia para o Aeroporto Internacional de Bras\u00edlia.<img decoding=\"async\" src=\"https:\/\/agenciabrasil.ebc.com.br\/ebc.png?id=1500112&amp;o=node\" \/><img decoding=\"async\" src=\"https:\/\/agenciabrasil.ebc.com.br\/ebc.gif?id=1500112&amp;o=node\" \/><\/p>\n<p>Em coletiva de imprensa no Pal\u00e1cio do Buriti, o chefe do Executivo local &#8211;\u00a0que se reuniu hoje com os\u00a0futuros ministros da Justi\u00e7a, Flavio Dino, e da Defesa, Jos\u00e9 M\u00facio Monteiro &#8211;\u00a0disse que a pol\u00edcia j\u00e1 identificou a pessoa e que as buscas est\u00e3o em andamento. \u201cDevemos\u00a0ter\u00a0not\u00edcias nas pr\u00f3ximas horas\u201d. Segundo Ibaneis, o primeiro suspeito,\u00a0George\u00a0Washington de Oliveira Sousa, est\u00e1 detido preventivamente no Complexo Penitenci\u00e1rio da Papuda e,\u00a0conforme investiga\u00e7\u00e3o, chegou a fazer curso de\u00a0<em>sniper<\/em>\u00a0para manusear armamento.<\/p>\n<p>\u201cRealmente existia ali uma mentalidade totalmente voltada para o crime\u201d, afirmou o governador. Ibaneis destacou que todo o efetivo da Pol\u00edcia Militar estar\u00e1 em condi\u00e7\u00f5es para atuar na cerim\u00f4nia de posse do presidente eleito Luiz In\u00e1cio Lula da Silva no pr\u00f3ximo\u00a0domingo\u00a0(1\u00ba). Haver\u00e1 ainda apoio por parte da Pol\u00edcia Civil de forma infiltrada, sobretudo, segundo ele, por conta dos \u201c\u00faltimos acontecimentos\u201d.<\/p>\n<p>\u201cTemos um grande sistema de intelig\u00eancia voltado para grandes eventos. Para todos aqueles que estiverem pensando em algo parecido [com o que ocorreu no \u00faltimo\u00a0s\u00e1bado], podem\u00a0ter\u00a0certeza de que ser\u00e3o repreendidos\u201d, refor\u00e7ou.<\/p>\n<p><span style=\"font-weight: 400;\">Fonte: Ag\u00eancia Brasil <\/span><\/p>\n","protected":false},"excerpt":{"rendered":"<p>O governador do Distrito Federal, Ibaneis Rocha, disse\u00a0hoje\u00a0(27) que a Pol\u00edcia Civil acredita que o segundo suspeito de ajudar a montar um artefato explosivo em Bras\u00edlia tenha fugido\u00a0da capital federal. No \u00faltimo\u00a0s\u00e1bado\u00a0(24), um\u00a0empres\u00e1rio foi preso\u00a0com um arsenal de armas e confessou\u00a0ter\u00a0colocado uma bomba em um caminh\u00e3o-tanque que seguia para o Aeroporto Internacional de Bras\u00edlia. Em [&hellip;]<\/p>\n","protected":false},"author":246,"featured_media":208302,"comment_status":"closed","ping_status":"closed","sticky":false,"template":"","format":"standard","meta":{"footnotes":""},"categories":[436,440,254,439],"tags":[],"class_list":["post-208301","post","type-post","status-publish","format-standard","has-post-thumbnail","hentry","category-destaque-da-semana","category-destaques-do-dia","category-politica","category-ultima-hora"],"_links":{"self":[{"href":"https:\/\/diarioregionaldigital.com.br\/index.php?rest_route=\/wp\/v2\/posts\/208301","targetHints":{"allow":["GET"]}}],"collection":[{"href":"https:\/\/diarioregionaldigital.com.br\/index.php?rest_route=\/wp\/v2\/posts"}],"about":[{"href":"https:\/\/diarioregionaldigital.com.br\/index.php?rest_route=\/wp\/v2\/types\/post"}],"author":[{"embeddable":true,"href":"https:\/\/diarioregionaldigital.com.br\/index.php?rest_route=\/wp\/v2\/users\/246"}],"replies":[{"embeddable":true,"href":"https:\/\/diarioregionaldigital.com.br\/index.php?rest_route=%2Fwp%2Fv2%2Fcomments&post=208301"}],"version-history":[{"count":1,"href":"https:\/\/diarioregionaldigital.com.br\/index.php?rest_route=\/wp\/v2\/posts\/208301\/revisions"}],"predecessor-version":[{"id":208303,"href":"https:\/\/diarioregionaldigital.com.br\/index.php?rest_route=\/wp\/v2\/posts\/208301\/revisions\/208303"}],"wp:featuredmedia":[{"embeddable":true,"href":"https:\/\/diarioregionaldigital.com.br\/index.php?rest_route=\/wp\/v2\/media\/208302"}],"wp:attachment":[{"href":"https:\/\/diarioregionaldigital.com.br\/index.php?rest_route=%2Fwp%2Fv2%2Fmedia&parent=208301"}],"wp:term":[{"taxonomy":"category","embeddable":true,"href":"https:\/\/diarioregionaldigital.com.br\/index.php?rest_route=%2Fwp%2Fv2%2Fcategories&post=208301"},{"taxonomy":"post_tag","embeddable":true,"href":"https:\/\/diarioregionaldigital.com.br\/index.php?rest_route=%2Fwp%2Fv2%2Ftags&post=208301"}],"curies":[{"name":"wp","href":"https:\/\/api.w.org\/{rel}","templated":true}]}}