{"id":208298,"date":"2022-12-27T19:29:39","date_gmt":"2022-12-27T22:29:39","guid":{"rendered":"https:\/\/diarioregionaldigital.com.br\/?p=208298"},"modified":"2022-12-27T19:29:39","modified_gmt":"2022-12-27T22:29:39","slug":"publicado-decreto-que-institui-o-programa-nacional-qualifica-mulher","status":"publish","type":"post","link":"https:\/\/diarioregionaldigital.com.br\/?p=208298","title":{"rendered":"Publicado decreto que institui o Programa Nacional Qualifica Mulher"},"content":{"rendered":"<p>Com a finalidade de fomentar a\u00e7\u00f5es de qualifica\u00e7\u00e3o profissional, de trabalho e de empreendedorismo, para promover gera\u00e7\u00e3o de emprego e renda para mulheres em situa\u00e7\u00e3o de vulnerabilidade social, o\u00a0<em>Di\u00e1rio Oficial da Uni\u00e3o<\/em>\u00a0publica, nesta ter\u00e7a-feira (27), o\u00a0<a href=\"https:\/\/www.in.gov.br\/en\/web\/dou\/-\/decreto-n-11.309-de-26-de-dezembro-de-2022-453809019\" target=\"_blank\" rel=\"noopener\">Decreto n\u00ba 11.309, de 26 de dezembro de 2022<\/a>, que institui o Programa Nacional Qualifica Mulher.<img decoding=\"async\" src=\"https:\/\/agenciabrasil.ebc.com.br\/ebc.png?id=1500012&amp;o=node\" \/><img decoding=\"async\" src=\"https:\/\/agenciabrasil.ebc.com.br\/ebc.gif?id=1500012&amp;o=node\" \/><\/p>\n<p>O programa, por meio de forma\u00e7\u00e3o de parcerias com os poderes federal, estadual, municipal e distrital, e com entidades e institui\u00e7\u00f5es, p\u00fablicas e privadas, busca a proje\u00e7\u00e3o econ\u00f4mica de mulheres em vulnerabilidade social, atendendo, prioritariamente, as que tenham renda mensal de at\u00e9 um sal\u00e1rio m\u00ednimo e meio, ensino fundamental incompleto e sejam v\u00edtimas de viol\u00eancia dom\u00e9stica.<\/p>\n<p>O Qualifica Mulher tamb\u00e9m fomentar\u00e1, entre outras a\u00e7\u00f5es, a educa\u00e7\u00e3o profissional, a fim de aumentar a empregabilidade dessas mulheres e sua capacidade para o exerc\u00edcio de qualquer trabalho; promover medidas que contribuam para o desenvolvimento e para a sustentabilidade financeira; a inser\u00e7\u00e3o e a reinser\u00e7\u00e3o de mulheres m\u00e3es no mercado de trabalho, a concilia\u00e7\u00e3o entre trabalho e fam\u00edlia e a equidade e corresponsabilidade no lar.<\/p>\n<p>Al\u00e9m disso, o programa visa estimular iniciativas que ampliem a oferta de microcr\u00e9dito para o empreendedorismo da mulher, por meio da articula\u00e7\u00e3o com \u00f3rg\u00e3os, entidades e institui\u00e7\u00f5es, p\u00fablicos e privados, desenvolvidas pela Estrat\u00e9gia Nacional de Empreendedorismo Feminino &#8211; Brasil para Elas.<\/p>\n<h2>Parcerias<\/h2>\n<p>O decreto diz ainda, em um dos seus artigos, que as \u201cparcerias para execu\u00e7\u00e3o do Programa Nacional Qualifica Mulher poder\u00e3o ser firmadas por meio de conv\u00eanios, de acordos de coopera\u00e7\u00e3o, de termos de execu\u00e7\u00e3o descentralizada ou de outros instrumentos cong\u00eaneres, com \u00f3rg\u00e3os e com entidades da administra\u00e7\u00e3o p\u00fablica federal, estadual, distrital e municipal e com entidades e institui\u00e7\u00f5es privadas\u201d.<\/p>\n<p><span style=\"font-weight: 400;\">Fonte: Ag\u00eancia Brasil <\/span><\/p>\n","protected":false},"excerpt":{"rendered":"<p>Com a finalidade de fomentar a\u00e7\u00f5es de qualifica\u00e7\u00e3o profissional, de trabalho e de empreendedorismo, para promover gera\u00e7\u00e3o de emprego e renda para mulheres em situa\u00e7\u00e3o de vulnerabilidade social, o\u00a0Di\u00e1rio Oficial da Uni\u00e3o\u00a0publica, nesta ter\u00e7a-feira (27), o\u00a0Decreto n\u00ba 11.309, de 26 de dezembro de 2022, que institui o Programa Nacional Qualifica Mulher. O programa, por meio [&hellip;]<\/p>\n","protected":false},"author":246,"featured_media":208299,"comment_status":"closed","ping_status":"closed","sticky":false,"template":"","format":"standard","meta":{"footnotes":""},"categories":[436,261,439],"tags":[],"class_list":["post-208298","post","type-post","status-publish","format-standard","has-post-thumbnail","hentry","category-destaque-da-semana","category-economia","category-ultima-hora"],"_links":{"self":[{"href":"https:\/\/diarioregionaldigital.com.br\/index.php?rest_route=\/wp\/v2\/posts\/208298","targetHints":{"allow":["GET"]}}],"collection":[{"href":"https:\/\/diarioregionaldigital.com.br\/index.php?rest_route=\/wp\/v2\/posts"}],"about":[{"href":"https:\/\/diarioregionaldigital.com.br\/index.php?rest_route=\/wp\/v2\/types\/post"}],"author":[{"embeddable":true,"href":"https:\/\/diarioregionaldigital.com.br\/index.php?rest_route=\/wp\/v2\/users\/246"}],"replies":[{"embeddable":true,"href":"https:\/\/diarioregionaldigital.com.br\/index.php?rest_route=%2Fwp%2Fv2%2Fcomments&post=208298"}],"version-history":[{"count":1,"href":"https:\/\/diarioregionaldigital.com.br\/index.php?rest_route=\/wp\/v2\/posts\/208298\/revisions"}],"predecessor-version":[{"id":208300,"href":"https:\/\/diarioregionaldigital.com.br\/index.php?rest_route=\/wp\/v2\/posts\/208298\/revisions\/208300"}],"wp:featuredmedia":[{"embeddable":true,"href":"https:\/\/diarioregionaldigital.com.br\/index.php?rest_route=\/wp\/v2\/media\/208299"}],"wp:attachment":[{"href":"https:\/\/diarioregionaldigital.com.br\/index.php?rest_route=%2Fwp%2Fv2%2Fmedia&parent=208298"}],"wp:term":[{"taxonomy":"category","embeddable":true,"href":"https:\/\/diarioregionaldigital.com.br\/index.php?rest_route=%2Fwp%2Fv2%2Fcategories&post=208298"},{"taxonomy":"post_tag","embeddable":true,"href":"https:\/\/diarioregionaldigital.com.br\/index.php?rest_route=%2Fwp%2Fv2%2Ftags&post=208298"}],"curies":[{"name":"wp","href":"https:\/\/api.w.org\/{rel}","templated":true}]}}