{"id":208295,"date":"2022-12-27T19:28:15","date_gmt":"2022-12-27T22:28:15","guid":{"rendered":"https:\/\/diarioregionaldigital.com.br\/?p=208295"},"modified":"2022-12-27T19:28:15","modified_gmt":"2022-12-27T22:28:15","slug":"safra-de-cana-de-acucar-deve-ser-de-598-milhoes-de-toneladas","status":"publish","type":"post","link":"https:\/\/diarioregionaldigital.com.br\/?p=208295","title":{"rendered":"Safra de cana-de-a\u00e7\u00facar deve ser de 598 milh\u00f5es de toneladas"},"content":{"rendered":"<div class=\"post-item-wrap\">\n<p>A Companhia Nacional de Abastecimento (Conab) atualizou hoje (27) a previs\u00e3o de produ\u00e7\u00e3o e produtividade da safra brasileira de cana-de-a\u00e7\u00facar 2022-2023.<img decoding=\"async\" src=\"https:\/\/agenciabrasil.ebc.com.br\/ebc.png?id=1500129&amp;o=node\" \/><img decoding=\"async\" src=\"https:\/\/agenciabrasil.ebc.com.br\/ebc.gif?id=1500129&amp;o=node\" \/><\/p>\n<p>A estimativa \u00e9 de produ\u00e7\u00e3o de 598,3 milh\u00f5es de toneladas, um crescimento de 2,2% sobre a produ\u00e7\u00e3o da safra 2021\/2022. A produtividade est\u00e1 calculada em 72.026 kg por hectare, 3,9% a mais que a obtida na safra anterior.<\/p>\n<h2>Ajustes<\/h2>\n<p>\u201cO acr\u00e9scimo foi motivado por ajustes na \u00e1rea colhida e produtividade obtida, principalmente no estado de S\u00e3o Paulo, maior produtor de cana-de-a\u00e7\u00facar do Brasil. De acordo com o levantamento, a \u00e1rea de colheita tamb\u00e9m foi ajustada em cerca de 2,2% em rela\u00e7\u00e3o aos dados apurados anteriormente, alcan\u00e7ando 8,3 milh\u00f5es de hectares\u201d, destacou comunicado da Conab.<\/p>\n<p>O levantamento da entidade aponta ainda que o Brasil dever\u00e1 produzir 36,4 milh\u00f5es de toneladas de a\u00e7\u00facar nesta safra, um acr\u00e9scimo de 4,1% frente \u00e0 safra 2021\/22. Quanto ao etanol total, est\u00e1 previsto um aumento de 4,2% para o biocombust\u00edvel em rela\u00e7\u00e3o \u00e0 safra passada.<\/p>\n<\/div>\n<p class=\"alt-font font-italic my-2 small text-info\"><span style=\"font-weight: 400;\">Fonte: Ag\u00eancia Brasil <\/span><\/p>\n","protected":false},"excerpt":{"rendered":"<p>A Companhia Nacional de Abastecimento (Conab) atualizou hoje (27) a previs\u00e3o de produ\u00e7\u00e3o e produtividade da safra brasileira de cana-de-a\u00e7\u00facar 2022-2023. A estimativa \u00e9 de produ\u00e7\u00e3o de 598,3 milh\u00f5es de toneladas, um crescimento de 2,2% sobre a produ\u00e7\u00e3o da safra 2021\/2022. A produtividade est\u00e1 calculada em 72.026 kg por hectare, 3,9% a mais que a [&hellip;]<\/p>\n","protected":false},"author":246,"featured_media":208296,"comment_status":"closed","ping_status":"closed","sticky":false,"template":"","format":"standard","meta":{"footnotes":""},"categories":[436,261,439],"tags":[],"class_list":["post-208295","post","type-post","status-publish","format-standard","has-post-thumbnail","hentry","category-destaque-da-semana","category-economia","category-ultima-hora"],"_links":{"self":[{"href":"https:\/\/diarioregionaldigital.com.br\/index.php?rest_route=\/wp\/v2\/posts\/208295","targetHints":{"allow":["GET"]}}],"collection":[{"href":"https:\/\/diarioregionaldigital.com.br\/index.php?rest_route=\/wp\/v2\/posts"}],"about":[{"href":"https:\/\/diarioregionaldigital.com.br\/index.php?rest_route=\/wp\/v2\/types\/post"}],"author":[{"embeddable":true,"href":"https:\/\/diarioregionaldigital.com.br\/index.php?rest_route=\/wp\/v2\/users\/246"}],"replies":[{"embeddable":true,"href":"https:\/\/diarioregionaldigital.com.br\/index.php?rest_route=%2Fwp%2Fv2%2Fcomments&post=208295"}],"version-history":[{"count":1,"href":"https:\/\/diarioregionaldigital.com.br\/index.php?rest_route=\/wp\/v2\/posts\/208295\/revisions"}],"predecessor-version":[{"id":208297,"href":"https:\/\/diarioregionaldigital.com.br\/index.php?rest_route=\/wp\/v2\/posts\/208295\/revisions\/208297"}],"wp:featuredmedia":[{"embeddable":true,"href":"https:\/\/diarioregionaldigital.com.br\/index.php?rest_route=\/wp\/v2\/media\/208296"}],"wp:attachment":[{"href":"https:\/\/diarioregionaldigital.com.br\/index.php?rest_route=%2Fwp%2Fv2%2Fmedia&parent=208295"}],"wp:term":[{"taxonomy":"category","embeddable":true,"href":"https:\/\/diarioregionaldigital.com.br\/index.php?rest_route=%2Fwp%2Fv2%2Fcategories&post=208295"},{"taxonomy":"post_tag","embeddable":true,"href":"https:\/\/diarioregionaldigital.com.br\/index.php?rest_route=%2Fwp%2Fv2%2Ftags&post=208295"}],"curies":[{"name":"wp","href":"https:\/\/api.w.org\/{rel}","templated":true}]}}