{"id":208292,"date":"2022-12-27T19:25:55","date_gmt":"2022-12-27T22:25:55","guid":{"rendered":"https:\/\/diarioregionaldigital.com.br\/?p=208292"},"modified":"2022-12-27T19:25:55","modified_gmt":"2022-12-27T22:25:55","slug":"inflacao-da-construcao-sobe-027-em-dezembro-e-940-no-ano","status":"publish","type":"post","link":"https:\/\/diarioregionaldigital.com.br\/?p=208292","title":{"rendered":"Infla\u00e7\u00e3o da constru\u00e7\u00e3o sobe 0,27% em dezembro e 9,40% no ano"},"content":{"rendered":"<p>O \u00cdndice Nacional de Custo da Constru\u00e7\u00e3o \u2013 M (INCC-M) subiu 0,27% em dezembro, acumulando alta de 9,40% de janeiro a dezembro de 2022. Em dezembro de 2021, o \u00edndice subiu 0,30%, com alta de 14,03%, em 12 meses. Os dados foram divulgados\u00a0<span id=\"OBJ_PREFIX_DWT205_com_zimbra_date\" role=\"link\"><span id=\"OBJ_PREFIX_DWT218_com_zimbra_date\" role=\"link\">hoje<\/span><\/span>\u00a0(27) pelo Instituto Brasileiro de Economia da Funda\u00e7\u00e3o Getulio Vargas (FGV Ibre).<img decoding=\"async\" src=\"https:\/\/agenciabrasil.ebc.com.br\/ebc.png?id=1500025&amp;o=node\" \/><img decoding=\"async\" src=\"https:\/\/agenciabrasil.ebc.com.br\/ebc.gif?id=1500025&amp;o=node\" \/><\/p>\n<p>A taxa relativa a materiais, equipamentos e servi\u00e7os passou de -0,23% em novembro para 0,38% em dezembro, com a taxa correspondente a materiais e equipamentos registrando alta de 0,37% no m\u00eas, ap\u00f3s cair 0,35% no m\u00eas anterior. Entre os quatro subgrupos desse componente, dois subiram: materiais para estrutura passou de -0,98% para 0,62% e equipamentos para transporte de pessoas foi de 0,04% para 0,64%.<\/p>\n<p>A taxa dos servi\u00e7os passou de 0,35% para 0,43% em dezembro, com destaque para o avan\u00e7o de 0,35% para 1,35% na taxa da refei\u00e7\u00e3o pronta no local de trabalho.<\/p>\n<p>O \u00edndice referente \u00e0 m\u00e3o de obra passou de 0,53% em novembro para 0,16% em dezembro, com alta acumulada de 11,76% em 12 meses.<\/p>\n<h2>Confian\u00e7a da Constru\u00e7\u00e3o<\/h2>\n<p>O FGV Ibre tamb\u00e9m divulgou\u00a0<span id=\"OBJ_PREFIX_DWT206_com_zimbra_date\" role=\"link\"><span id=\"OBJ_PREFIX_DWT219_com_zimbra_date\" role=\"link\">hoje<\/span><\/span>\u00a0o \u00cdndice de Confian\u00e7a da Constru\u00e7\u00e3o (ICST), que se manteve relativamente est\u00e1vel, com varia\u00e7\u00e3o de -0,3 ponto em dezembro, para 95,3 pontos. Este \u00e9 o menor n\u00edvel desde mar\u00e7o de 2022 (92,9 pontos). Em m\u00e9dias m\u00f3veis trimestrais, houve queda de 2,1 pontos.<\/p>\n<p>Para a coordenadora de Projetos da Constru\u00e7\u00e3o do instituto, Ana Maria Castelo, a confian\u00e7a do empres\u00e1rio ao longo do ano acompanhou a retomada do setor, que teve um \u201ccrescimento expressivo\u201d em n\u00fameros de PIB e gera\u00e7\u00e3o de empregos em 2022.<\/p>\n<p>\u201cA desacelera\u00e7\u00e3o do ritmo de alta dos custos representou um al\u00edvio \u2013 nos quesitos de limita\u00e7\u00e3o \u00e0 melhoria dos neg\u00f3cios, o custo da mat\u00e9ria-prima perdeu o protagonismo at\u00e9 para as assinala\u00e7\u00f5es de Nenhuma Dificuldade.&#8221;<\/p>\n<p>No entanto, ela ressalta que em novembro e dezembro o cen\u00e1rio passou a refletir pessimismo quanto \u00e0 evolu\u00e7\u00e3o da demanda.<\/p>\n<p>\u201cO Indicador de Expectativas alcan\u00e7ou dezembro abaixo de 100, o que representa um pessimismo maior do que h\u00e1 um ano. Ou seja, os empres\u00e1rios j\u00e1 antecipam um arrefecimento da retomada. Vale notar que a atividade ainda dever\u00e1 refletir esse ciclo recente por algum tempo, mas deve perder for\u00e7a com a queda na demanda\u201d.<\/p>\n<h2>Componentes<\/h2>\n<p>Segundo o FGV Ibre, a leve queda no indicador reflete a piora na percep\u00e7\u00e3o dos empres\u00e1rios sobre o momento atual. O \u00cdndice de Situa\u00e7\u00e3o Atual (ISA-CST) recuou 0,4 ponto, para 96,6 pontos, com influ\u00eancia do volume de carteira de contratos, que caiu 0,7 ponto, para 98,1 pontos, e da situa\u00e7\u00e3o atual dos neg\u00f3cios, que teve queda de 0,2 ponto, para 95 pontos.<\/p>\n<p>O \u00cdndice de Expectativas (IE-CST) ficou est\u00e1vel, com queda de 0,1 ponto, para 94,3 pontos. O indicador de tend\u00eancia dos neg\u00f3cios nos pr\u00f3ximos seis meses caiu 1,1 ponto, para 92,3 pontos, e o indicador de demanda prevista nos pr\u00f3ximos tr\u00eas meses subiu 0,9 ponto, para 96,3 pontos.<\/p>\n<p>O n\u00edvel de utiliza\u00e7\u00e3o da capacidade (Nuci) da constru\u00e7\u00e3o registrou queda de 0,9 ponto percentual em dezembro, para 78,3%, com -0,8 ponto percentual em m\u00e3o de obra (79,6%) e -2 pontos percentuais em m\u00e1quinas e equipamentos (71,9%).<\/p>\n<p>O Indicador de Demanda Prevista (DP) subiu 0,9 ponto em dezembro e n\u00e3o compensou a forte queda de 7,4 pontos do m\u00eas anterior. As edifica\u00e7\u00f5es residenciais, setor de destaque na retomada recente da constru\u00e7\u00e3o, a DP subiu 4,5 pontos, depois da queda de 10,9 pontos em novembro.<\/p>\n<p><span style=\"font-weight: 400;\">Fonte: Ag\u00eancia Brasil <\/span><\/p>\n","protected":false},"excerpt":{"rendered":"<p>O \u00cdndice Nacional de Custo da Constru\u00e7\u00e3o \u2013 M (INCC-M) subiu 0,27% em dezembro, acumulando alta de 9,40% de janeiro a dezembro de 2022. Em dezembro de 2021, o \u00edndice subiu 0,30%, com alta de 14,03%, em 12 meses. Os dados foram divulgados\u00a0hoje\u00a0(27) pelo Instituto Brasileiro de Economia da Funda\u00e7\u00e3o Getulio Vargas (FGV Ibre). A [&hellip;]<\/p>\n","protected":false},"author":246,"featured_media":208293,"comment_status":"closed","ping_status":"closed","sticky":false,"template":"","format":"standard","meta":{"footnotes":""},"categories":[436,261,439],"tags":[],"class_list":["post-208292","post","type-post","status-publish","format-standard","has-post-thumbnail","hentry","category-destaque-da-semana","category-economia","category-ultima-hora"],"_links":{"self":[{"href":"https:\/\/diarioregionaldigital.com.br\/index.php?rest_route=\/wp\/v2\/posts\/208292","targetHints":{"allow":["GET"]}}],"collection":[{"href":"https:\/\/diarioregionaldigital.com.br\/index.php?rest_route=\/wp\/v2\/posts"}],"about":[{"href":"https:\/\/diarioregionaldigital.com.br\/index.php?rest_route=\/wp\/v2\/types\/post"}],"author":[{"embeddable":true,"href":"https:\/\/diarioregionaldigital.com.br\/index.php?rest_route=\/wp\/v2\/users\/246"}],"replies":[{"embeddable":true,"href":"https:\/\/diarioregionaldigital.com.br\/index.php?rest_route=%2Fwp%2Fv2%2Fcomments&post=208292"}],"version-history":[{"count":1,"href":"https:\/\/diarioregionaldigital.com.br\/index.php?rest_route=\/wp\/v2\/posts\/208292\/revisions"}],"predecessor-version":[{"id":208294,"href":"https:\/\/diarioregionaldigital.com.br\/index.php?rest_route=\/wp\/v2\/posts\/208292\/revisions\/208294"}],"wp:featuredmedia":[{"embeddable":true,"href":"https:\/\/diarioregionaldigital.com.br\/index.php?rest_route=\/wp\/v2\/media\/208293"}],"wp:attachment":[{"href":"https:\/\/diarioregionaldigital.com.br\/index.php?rest_route=%2Fwp%2Fv2%2Fmedia&parent=208292"}],"wp:term":[{"taxonomy":"category","embeddable":true,"href":"https:\/\/diarioregionaldigital.com.br\/index.php?rest_route=%2Fwp%2Fv2%2Fcategories&post=208292"},{"taxonomy":"post_tag","embeddable":true,"href":"https:\/\/diarioregionaldigital.com.br\/index.php?rest_route=%2Fwp%2Fv2%2Ftags&post=208292"}],"curies":[{"name":"wp","href":"https:\/\/api.w.org\/{rel}","templated":true}]}}