{"id":208289,"date":"2022-12-27T19:24:34","date_gmt":"2022-12-27T22:24:34","guid":{"rendered":"https:\/\/diarioregionaldigital.com.br\/?p=208289"},"modified":"2022-12-27T19:24:34","modified_gmt":"2022-12-27T22:24:34","slug":"endividamento-federal-volta-a-subir-e-atinge-r-587-trilhoes","status":"publish","type":"post","link":"https:\/\/diarioregionaldigital.com.br\/?p=208289","title":{"rendered":"Endividamento federal volta a subir e atinge R$ 5,87 trilh\u00f5es"},"content":{"rendered":"<p>O endividamento do Tesouro Nacional voltou a crescer em novembro deste ano, atingindo R$ 5,87 trilh\u00f5es \u2013 cifra 1,6% superior aos\u00a0<a href=\"https:\/\/agenciabrasil.ebc.com.br\/economia\/noticia\/2022-11\/divida-publica-sobe-046-em-outubro-e-fica-em-r-578-trilhoes\" target=\"_blank\" rel=\"noopener\">R$ 5,778 tri registrados\u00a0em outubro<\/a>, m\u00eas em que a D\u00edvida P\u00fablica Federal (DPF) j\u00e1 tinha avan\u00e7ado 0,46% em compara\u00e7\u00e3o a setembro (R$ 5,752 tri).<img decoding=\"async\" src=\"https:\/\/agenciabrasil.ebc.com.br\/ebc.png?id=1500125&amp;o=node\" \/><img decoding=\"async\" src=\"https:\/\/agenciabrasil.ebc.com.br\/ebc.gif?id=1500125&amp;o=node\" \/><\/p>\n<p>A d\u00edvida p\u00fablica federal engloba todos os empr\u00e9stimos financeiros que o\u00a0Tesouro Nacional precisa fazer quando a arrecada\u00e7\u00e3o de impostos e contribui\u00e7\u00f5es n\u00e3o \u00e9 suficiente para cobrir as despesas resultantes da presta\u00e7\u00e3o dos servi\u00e7os p\u00fablicos e os necess\u00e1rios investimentos p\u00fablicos. Abrange tanto os empr\u00e9stimos feitos por institui\u00e7\u00f5es financeiras p\u00fablicas e privadas, como por organismos nacionais e internacionais, entes governamentais e at\u00e9 mesmo pessoas f\u00edsicas.<\/p>\n<p>Segundo o relat\u00f3rio que a Secretaria do Tesouro Nacional divulgou\u00a0hoje\u00a0(27),\u00a0os R$ 92,56 bilh\u00f5es acrescidos \u00e0 DPF no m\u00eas passado s\u00e3o resultado\u00a0da manuten\u00e7\u00e3o da atual taxa de juros, que agregou R$ 51,31 bi ao estoque da d\u00edvida, e \u00e0 diferen\u00e7a entre as emiss\u00f5es\u00a0(R$ 67,09 bi)\u00a0e os resgates\u00a0(R$ 25,84 bi)\u00a0de t\u00edtulos da d\u00edvida p\u00fablica, com a qual se somou mais R$ 41,25 bi \u00e0 d\u00edvida total.<\/p>\n<p>Dos R$ 41,25 bi de emiss\u00e3o l\u00edquida (emiss\u00f5es menos resgates totais),\u00a0R$ 39,81 bi\u00a0s\u00e3o relativos \u00e0\u00a0emiss\u00e3o l\u00edquida da D\u00edvida P\u00fablica Mobili\u00e1ria Federal interna\u00a0(DPMFi)\u00a0e R$ 1,44 bi \u00e0 emiss\u00e3o l\u00edquida da D\u00edvida P\u00fablica Federal externa\u00a0(DPFe).<\/p>\n<p>A chamada reserva de liquidez, ou colch\u00e3o da d\u00edvida p\u00fablica, usada em\u00a0momentos de turbul\u00eancia ou de forte concentra\u00e7\u00e3o de vencimentos\u00a0de t\u00edtulos da d\u00edvida p\u00fablica,\u00a0apresentou um\u00a0aumento\u00a0de\u00a011% em termos nominais, passando de R$ 1,028 bi, em outubro, para R$ 1,142 bi, em novembro. Em rela\u00e7\u00e3o ao mesmo m\u00eas do ano anterior (R$ 1.096,94 bi), houve aumento, em termos nominais, de 4,11%.<\/p>\n<p>\u201cO \u00edndice de liquidez aponta a sufici\u00eancia da reserva para cobertura dos vencimentos dos t\u00edtulos da DPMFi\u00a0[D\u00edvida P\u00fablica Mobili\u00e1ria Federal interna]\u201d,\u00a0sustenta o Tesouro Nacional no relat\u00f3rio, garantindo que as reservas dispon\u00edveis na Conta \u00danica destinada ao pagamento da d\u00edvida p\u00fablica \u201cgarante o pagamento dos pr\u00f3ximos 9,30 meses de vencimentos\u201d,\u00a0destacando que\u00a0os meses\u00a0de janeiro, mar\u00e7o, maio e julho de 2023 concentrar\u00e3o vencimentos estimados em R$ 943,93 bi.<\/p>\n<h2>Tesouro Direto<\/h2>\n<p>Em novembro, as emiss\u00f5es do Tesouro Direto atingiram R$ 3,59\u00a0bi, enquanto os resgates corresponderam a R$ 2,785\u00a0bi, resultando em uma\u00a0emiss\u00e3o l\u00edquida de\u00a0pouco mais de\u00a0R$ 805 milh\u00f5es. O t\u00edtulo mais demandado pelos investidores foi o Tesouro Selic, que respondeu por 51,32% do montante vendido.<\/p>\n<p><span style=\"font-weight: 400;\">Fonte: Ag\u00eancia Brasil <\/span><\/p>\n","protected":false},"excerpt":{"rendered":"<p>O endividamento do Tesouro Nacional voltou a crescer em novembro deste ano, atingindo R$ 5,87 trilh\u00f5es \u2013 cifra 1,6% superior aos\u00a0R$ 5,778 tri registrados\u00a0em outubro, m\u00eas em que a D\u00edvida P\u00fablica Federal (DPF) j\u00e1 tinha avan\u00e7ado 0,46% em compara\u00e7\u00e3o a setembro (R$ 5,752 tri). A d\u00edvida p\u00fablica federal engloba todos os empr\u00e9stimos financeiros que o\u00a0Tesouro [&hellip;]<\/p>\n","protected":false},"author":246,"featured_media":208290,"comment_status":"closed","ping_status":"closed","sticky":false,"template":"","format":"standard","meta":{"footnotes":""},"categories":[436,440,261,439],"tags":[],"class_list":["post-208289","post","type-post","status-publish","format-standard","has-post-thumbnail","hentry","category-destaque-da-semana","category-destaques-do-dia","category-economia","category-ultima-hora"],"_links":{"self":[{"href":"https:\/\/diarioregionaldigital.com.br\/index.php?rest_route=\/wp\/v2\/posts\/208289","targetHints":{"allow":["GET"]}}],"collection":[{"href":"https:\/\/diarioregionaldigital.com.br\/index.php?rest_route=\/wp\/v2\/posts"}],"about":[{"href":"https:\/\/diarioregionaldigital.com.br\/index.php?rest_route=\/wp\/v2\/types\/post"}],"author":[{"embeddable":true,"href":"https:\/\/diarioregionaldigital.com.br\/index.php?rest_route=\/wp\/v2\/users\/246"}],"replies":[{"embeddable":true,"href":"https:\/\/diarioregionaldigital.com.br\/index.php?rest_route=%2Fwp%2Fv2%2Fcomments&post=208289"}],"version-history":[{"count":1,"href":"https:\/\/diarioregionaldigital.com.br\/index.php?rest_route=\/wp\/v2\/posts\/208289\/revisions"}],"predecessor-version":[{"id":208291,"href":"https:\/\/diarioregionaldigital.com.br\/index.php?rest_route=\/wp\/v2\/posts\/208289\/revisions\/208291"}],"wp:featuredmedia":[{"embeddable":true,"href":"https:\/\/diarioregionaldigital.com.br\/index.php?rest_route=\/wp\/v2\/media\/208290"}],"wp:attachment":[{"href":"https:\/\/diarioregionaldigital.com.br\/index.php?rest_route=%2Fwp%2Fv2%2Fmedia&parent=208289"}],"wp:term":[{"taxonomy":"category","embeddable":true,"href":"https:\/\/diarioregionaldigital.com.br\/index.php?rest_route=%2Fwp%2Fv2%2Fcategories&post=208289"},{"taxonomy":"post_tag","embeddable":true,"href":"https:\/\/diarioregionaldigital.com.br\/index.php?rest_route=%2Fwp%2Fv2%2Ftags&post=208289"}],"curies":[{"name":"wp","href":"https:\/\/api.w.org\/{rel}","templated":true}]}}