{"id":208280,"date":"2022-12-26T20:10:22","date_gmt":"2022-12-26T23:10:22","guid":{"rendered":"https:\/\/diarioregionaldigital.com.br\/?p=208280"},"modified":"2022-12-26T20:11:23","modified_gmt":"2022-12-26T23:11:23","slug":"natal-de-todas-e-todos-nos-mais-de-3-toneladas-de-alimentos-sao-arrecadados-pela-pjf","status":"publish","type":"post","link":"https:\/\/diarioregionaldigital.com.br\/?p=208280","title":{"rendered":"Natal de todas e todos n\u00f3s \u2013 Mais de 3 toneladas de alimentos s\u00e3o arrecadados pela PJF"},"content":{"rendered":"<p>Segundo informa\u00e7\u00f5es do site da Prefeitura de Juiz de Fora (PJF), mais de 3 toneladas de alimentos e 332 kits de higiene e limpeza foram entregues pela Prefeitura de Juiz de Fora (PJF) a 41 entidades que atendem fam\u00edlias socialmente vulner\u00e1veis. As doa\u00e7\u00f5es fazem parte do balan\u00e7o dos 21 dias da campanha \u201cNatal de todas e todos n\u00f3s\u201d.<\/p>\n<p>O secret\u00e1rio especial de Direitos Humanos, Biel Rocha, explicou que volunt\u00e1rios do Mesa de Cidadania e servidores da Prefeitura se deslocaram aos postos de coleta num trabalho de sensibilizar e mobilizar a sociedade juiz-forana no sentido de garantir alimentos para quem mais precisa. \u201cGostar\u00edamos de agradecer a quem contribuiu nesta a\u00e7\u00e3o emergencial, quem trabalhou, ao Sesc, e aos mercados Bahamas, Pais e Filhos e BH. A fome est\u00e1 na porta das pessoas e a pandemia faz parte deste cen\u00e1rio, assim como o desmonte das pol\u00edticas p\u00fablicas do pa\u00eds que levou milhares de fam\u00edlias a essa situa\u00e7\u00e3o de miserabilidade. A campanha teve o foco em garantir o m\u00ednimo de dignidade no natal. Esperamos que com o novo governo federal as pol\u00edticas p\u00fablicas retornem garantindo emprego, renda, sa\u00fade e educa\u00e7\u00e3o para a popula\u00e7\u00e3o\u201d.<\/p>\n<p>A iniciativa contou com a parceria do Programa \u201cMesa Brasil\u201d, do Servi\u00e7o Social do Com\u00e9rcio da Zona da Mata (Sesc) e a\u00a0<a href=\"https:\/\/www.pjf.mg.gov.br\/noticias\/view.php?modo=link2&amp;idnoticia2=69810\"><strong>Mesa de Cidadania, Espa\u00e7o de Articula\u00e7\u00e3o e Integra\u00e7\u00e3o das A\u00e7\u00f5es de Combate \u00e0 Fome da Prefeitura<\/strong><\/a>. Todo o material coletado nos mercados da cidade e tamb\u00e9m em pontos estrat\u00e9gicos foram encaminhados para as institui\u00e7\u00f5es cadastradas conforme os alimentos arrecadados foram sendo recebidos. Ao todo, foram 3.378Kg distribu\u00eddos.<\/p>\n","protected":false},"excerpt":{"rendered":"<p>Segundo informa\u00e7\u00f5es do site da Prefeitura de Juiz de Fora (PJF), mais de 3 toneladas de alimentos e 332 kits de higiene e limpeza foram entregues pela Prefeitura de Juiz de Fora (PJF) a 41 entidades que atendem fam\u00edlias socialmente vulner\u00e1veis. As doa\u00e7\u00f5es fazem parte do balan\u00e7o dos 21 dias da campanha \u201cNatal de todas [&hellip;]<\/p>\n","protected":false},"author":246,"featured_media":208281,"comment_status":"closed","ping_status":"closed","sticky":false,"template":"","format":"standard","meta":{"footnotes":""},"categories":[253,436,439],"tags":[],"class_list":["post-208280","post","type-post","status-publish","format-standard","has-post-thumbnail","hentry","category-cidade","category-destaque-da-semana","category-ultima-hora"],"_links":{"self":[{"href":"https:\/\/diarioregionaldigital.com.br\/index.php?rest_route=\/wp\/v2\/posts\/208280","targetHints":{"allow":["GET"]}}],"collection":[{"href":"https:\/\/diarioregionaldigital.com.br\/index.php?rest_route=\/wp\/v2\/posts"}],"about":[{"href":"https:\/\/diarioregionaldigital.com.br\/index.php?rest_route=\/wp\/v2\/types\/post"}],"author":[{"embeddable":true,"href":"https:\/\/diarioregionaldigital.com.br\/index.php?rest_route=\/wp\/v2\/users\/246"}],"replies":[{"embeddable":true,"href":"https:\/\/diarioregionaldigital.com.br\/index.php?rest_route=%2Fwp%2Fv2%2Fcomments&post=208280"}],"version-history":[{"count":1,"href":"https:\/\/diarioregionaldigital.com.br\/index.php?rest_route=\/wp\/v2\/posts\/208280\/revisions"}],"predecessor-version":[{"id":208282,"href":"https:\/\/diarioregionaldigital.com.br\/index.php?rest_route=\/wp\/v2\/posts\/208280\/revisions\/208282"}],"wp:featuredmedia":[{"embeddable":true,"href":"https:\/\/diarioregionaldigital.com.br\/index.php?rest_route=\/wp\/v2\/media\/208281"}],"wp:attachment":[{"href":"https:\/\/diarioregionaldigital.com.br\/index.php?rest_route=%2Fwp%2Fv2%2Fmedia&parent=208280"}],"wp:term":[{"taxonomy":"category","embeddable":true,"href":"https:\/\/diarioregionaldigital.com.br\/index.php?rest_route=%2Fwp%2Fv2%2Fcategories&post=208280"},{"taxonomy":"post_tag","embeddable":true,"href":"https:\/\/diarioregionaldigital.com.br\/index.php?rest_route=%2Fwp%2Fv2%2Ftags&post=208280"}],"curies":[{"name":"wp","href":"https:\/\/api.w.org\/{rel}","templated":true}]}}