{"id":208277,"date":"2022-12-26T20:07:58","date_gmt":"2022-12-26T23:07:58","guid":{"rendered":"https:\/\/diarioregionaldigital.com.br\/?p=208277"},"modified":"2022-12-26T20:07:58","modified_gmt":"2022-12-26T23:07:58","slug":"prefeita-visita-obra-do-futuro-ginasio-municipal-nesta-segunda-26","status":"publish","type":"post","link":"https:\/\/diarioregionaldigital.com.br\/?p=208277","title":{"rendered":"Prefeita visita obra do futuro Gin\u00e1sio Municipal nesta segunda, 26"},"content":{"rendered":"<p>Segundo informa\u00e7\u00f5es do site da Prefeitura de Juiz de Fora (PJF), A\u00a0prefeita de Juiz de Fora, Margarida Salom\u00e3o, realizou uma visita \u00e0s obras do Gin\u00e1sio Poliesportivo Jornalista Ant\u00f4nio Marcos Nazar\u00e9 Campos, na tarde desta segunda-feira, 26. Acompanhada do secret\u00e1rio de Obras, Lincoln Santos, e do diretor da empresa respons\u00e1vel pela execu\u00e7\u00e3o da obra, Jos\u00e9 Maria Ribeiro Alvim, a chefe do executivo conferiu o andamento das interven\u00e7\u00f5es e falou com a imprensa sobre a data de lan\u00e7amento do novo espa\u00e7o.<\/p>\n<p>Segundo Margarida, \u201co Gin\u00e1sio Municipal \u00e9 uma obra come\u00e7ada h\u00e1 tantos anos que finalmente ser\u00e1 entregue para Juiz de Fora e ao Brasil. A obra est\u00e1 sendo realizada com muito capricho pela empresa Ribeiro Alvim, com a supervis\u00e3o da nossa Secretaria de Obras. \u00c9 um projeto muito bacana e muito completo. A popula\u00e7\u00e3o de Juiz de Fora vai contar com equipamento de padr\u00e3o internacional, onde vamos poder desenvolver esportes dos quais n\u00f3s temos uma voca\u00e7\u00e3o hist\u00f3rica t\u00e3o valiosa\u201d. A previs\u00e3o de t\u00e9rmino da obra, que teve in\u00edcio em 2005, \u00e9 para final de maio de 2023.<\/p>\n<p>De acordo com Lincoln, as interven\u00e7\u00f5es est\u00e3o avan\u00e7adas e a previs\u00e3o \u00e9 de que o equipamento p\u00fablico seja entregue dentro do esperado. \u201cJ\u00e1 avan\u00e7amos em 40% das obras que faltavam e estamos agora terminando os ajustes finais do telhado do gin\u00e1sio, e alguns acabamentos internos. Esperamos que no final de maio do pr\u00f3ximo ano, j\u00e1 para as comemora\u00e7\u00f5es do anivers\u00e1rio de Juiz de Fora, a gente consiga entregar para a popula\u00e7\u00e3o este presente\u201d, afirma.<\/p>\n<p>Os recursos para o t\u00e9rmino da obra s\u00e3o oriundos de conv\u00eanio firmado com a Caixa Econ\u00f4mica Federal e contrapartida municipal, no valor de R$13.182.955,54. A administra\u00e7\u00e3o do Complexo Esportivo ficar\u00e1 a cargo da Secretaria de Esporte e Lazer (SEL), que pretende torn\u00e1-lo um espa\u00e7o multiuso, para al\u00e9m do esporte, tamb\u00e9m um local para atra\u00e7\u00f5es art\u00edsticas e culturais.<\/p>\n<p>Em abril deste ano, a prefeita divulgou a contrata\u00e7\u00e3o da empresa Ribeiro Alvim Engenharia Ltda. para a complementa\u00e7\u00e3o das obras de constru\u00e7\u00e3o do Gin\u00e1sio. Localizado no bairro Aeroporto, ele contar\u00e1 com quadra poliesportiva, salas multiuso, vesti\u00e1rios, sala de muscula\u00e7\u00e3o e espa\u00e7o para descanso dos atletas. O Gin\u00e1sio Poliesportivo Jornalista Ant\u00f4nio Marcos Nazar\u00e9 Campos ir\u00e1 receber jogos de quadra como futsal, basquete, handebol e v\u00f4lei.<\/p>\n<p><strong>Viaduto da Rua Benjamin Constant<\/strong><\/p>\n<p>Em conversa com representante da imprensa, a prefeita Margarida Salom\u00e3o ainda explicou como anda a situa\u00e7\u00e3o do viaduto que ser\u00e1 constru\u00eddo na altura da Rua Benjamin Constant, no Centro da cidade. O edital de licita\u00e7\u00e3o ir\u00e1 ocorrer no pr\u00f3ximo dia 14 de janeiro, e t\u00e3o logo tiver um ganhador, a Prefeitura dar\u00e1 andamento \u00e0s obras de constru\u00e7\u00e3o do viaduto. As desapropria\u00e7\u00f5es necess\u00e1rias foram realizadas em acordo dos propriet\u00e1rios com o munic\u00edpio.<\/p>\n<p>J\u00e1 o viaduto do bairro Mariano Proc\u00f3pio ainda est\u00e1 em fase de estudos por parte do Departamento Nacional de Infraestrutura de Transportes (Dnit).<\/p>\n","protected":false},"excerpt":{"rendered":"<p>Segundo informa\u00e7\u00f5es do site da Prefeitura de Juiz de Fora (PJF), A\u00a0prefeita de Juiz de Fora, Margarida Salom\u00e3o, realizou uma visita \u00e0s obras do Gin\u00e1sio Poliesportivo Jornalista Ant\u00f4nio Marcos Nazar\u00e9 Campos, na tarde desta segunda-feira, 26. Acompanhada do secret\u00e1rio de Obras, Lincoln Santos, e do diretor da empresa respons\u00e1vel pela execu\u00e7\u00e3o da obra, Jos\u00e9 Maria [&hellip;]<\/p>\n","protected":false},"author":246,"featured_media":208278,"comment_status":"closed","ping_status":"closed","sticky":false,"template":"","format":"standard","meta":{"footnotes":""},"categories":[253,436,439],"tags":[],"class_list":["post-208277","post","type-post","status-publish","format-standard","has-post-thumbnail","hentry","category-cidade","category-destaque-da-semana","category-ultima-hora"],"_links":{"self":[{"href":"https:\/\/diarioregionaldigital.com.br\/index.php?rest_route=\/wp\/v2\/posts\/208277","targetHints":{"allow":["GET"]}}],"collection":[{"href":"https:\/\/diarioregionaldigital.com.br\/index.php?rest_route=\/wp\/v2\/posts"}],"about":[{"href":"https:\/\/diarioregionaldigital.com.br\/index.php?rest_route=\/wp\/v2\/types\/post"}],"author":[{"embeddable":true,"href":"https:\/\/diarioregionaldigital.com.br\/index.php?rest_route=\/wp\/v2\/users\/246"}],"replies":[{"embeddable":true,"href":"https:\/\/diarioregionaldigital.com.br\/index.php?rest_route=%2Fwp%2Fv2%2Fcomments&post=208277"}],"version-history":[{"count":1,"href":"https:\/\/diarioregionaldigital.com.br\/index.php?rest_route=\/wp\/v2\/posts\/208277\/revisions"}],"predecessor-version":[{"id":208279,"href":"https:\/\/diarioregionaldigital.com.br\/index.php?rest_route=\/wp\/v2\/posts\/208277\/revisions\/208279"}],"wp:featuredmedia":[{"embeddable":true,"href":"https:\/\/diarioregionaldigital.com.br\/index.php?rest_route=\/wp\/v2\/media\/208278"}],"wp:attachment":[{"href":"https:\/\/diarioregionaldigital.com.br\/index.php?rest_route=%2Fwp%2Fv2%2Fmedia&parent=208277"}],"wp:term":[{"taxonomy":"category","embeddable":true,"href":"https:\/\/diarioregionaldigital.com.br\/index.php?rest_route=%2Fwp%2Fv2%2Fcategories&post=208277"},{"taxonomy":"post_tag","embeddable":true,"href":"https:\/\/diarioregionaldigital.com.br\/index.php?rest_route=%2Fwp%2Fv2%2Ftags&post=208277"}],"curies":[{"name":"wp","href":"https:\/\/api.w.org\/{rel}","templated":true}]}}