{"id":208273,"date":"2022-12-26T20:05:52","date_gmt":"2022-12-26T23:05:52","guid":{"rendered":"https:\/\/diarioregionaldigital.com.br\/?p=208273"},"modified":"2022-12-26T20:05:52","modified_gmt":"2022-12-26T23:05:52","slug":"sala-do-empreendedor-auxilia-abertura-de-mais-de-12-mil-empresas-em-2022","status":"publish","type":"post","link":"https:\/\/diarioregionaldigital.com.br\/?p=208273","title":{"rendered":"Sala do Empreendedor auxilia abertura de mais de 12 mil empresas em 2022"},"content":{"rendered":"<p>Segundo informa\u00e7\u00f5es do site da Prefeitura de Juiz de Fora (PJF), a Sala do Empreendedor de Juiz de Fora fecha 2022 com mais de 16 mil atendimentos realizados, entre presenciais e remotos. No ano, foram mais de 9.800 microempreendedores individuais (MEIs) formalizados e 2.465 empresas de diversos portes abertas no equipamento da Prefeitura de Juiz de Fora (PJF), localizado no Parque Halfeld, na Avenida Bar\u00e3o do Rio Branco, 2234, Centro.<\/p>\n<p>A maior parte das empresas abertas em 2022, via Sala do Empreendedor, \u00e9 do setor de com\u00e9rcio varejista e artigos do vestu\u00e1rio. Logo depois, cabeleireiros; constru\u00e7\u00e3o civil; promo\u00e7\u00e3o de vendas e alimenta\u00e7\u00e3o. Dos MEIs, a maioria das formaliza\u00e7\u00f5es foi de cabeleireiros, manicures e pedicures, seguida por artigos do vestu\u00e1rio; obras de alvenaria; promo\u00e7\u00e3o de vendas e alimenta\u00e7\u00e3o.<\/p>\n<p>Cerca de 1.200 pessoas passaram pela Sala durante o ano e mais de 15 mil receberam atendimento por telefone e canais virtuais: WhatsApp, e-mails, Prefeitura \u00c1gil e Portal Integrador Jucemg (Junta Comercial do Estado de Minas Gerais). Dos atendimentos, cerca de oito mil referem-se a consulta de viabilidade, uma\u00a0verifica\u00e7\u00e3o pr\u00e9via para garantir que o neg\u00f3cio pode ser instalado no local desejado. A Sala do Empreendedor realizou, ainda, mais de 300 atendimentos relativos \u00e0 Carteira Nacional do Artes\u00e3o.<\/p>\n<p>O coordenador da Sala, Diego Farnezi, explica que &#8220;a sala do empreendedor \u00e9 um importante instrumento da Prefeitura em benef\u00edcio do cidad\u00e3o, pois atrav\u00e9s dos atendimentos realizados podemos mapear e identificar demandas e oportunidades de a\u00e7\u00e3o, para melhoria do ambiente de neg\u00f3cios, atrav\u00e9s do contato direto com os empreendedores e contadores. Esperamos para 2023 poder n\u00e3o s\u00f3 realizar atendimentos com excel\u00eancia, mas tamb\u00e9m realizar capacita\u00e7\u00f5es e parcerias para o desenvolvimento dos pequenos empreendedores, bem como dos pequenos neg\u00f3cios.&#8221;<\/p>\n<p><strong>Forma\u00e7\u00e3o e capacita\u00e7\u00e3o<\/strong><\/p>\n<p>Em agosto, a Prefeitura abriu chamada p\u00fablica para a sele\u00e7\u00e3o de\u00a025 pequenos neg\u00f3cios, que receberam uma capacita\u00e7\u00e3o para os desafios de gest\u00e3o, mercado e crescimento.<\/p>\n<p>O \u201cAcelera MEI\u201d, em parceria com o Sebrae, teve como objetivo a forma\u00e7\u00e3o dos empreendedores e capacita\u00e7\u00e3o para desenvolver neg\u00f3cios de sucesso, com a identifica\u00e7\u00e3o de proposta de melhoria de valor para a marca e\/ ou produtos; prepara\u00e7\u00e3o para melhoria da gest\u00e3o do neg\u00f3cio e aproxima\u00e7\u00e3o com potenciais clientes.<\/p>\n<p><strong>Sobre a Sala<\/strong><\/p>\n<p>A Sala do Empreendedor, parceria entre a Prefeitura de Juiz de Fora, o Servi\u00e7o Brasileiro de Apoio \u00e0s Micro e Pequenas Empresas (Sebrae-MG), e a Junta Comercial do Estado de Minas Gerais (Jucemg), \u00e9 um local integrado de atendimento, e tem como objetivo incentivar a legaliza\u00e7\u00e3o de neg\u00f3cios informais, e facilitar a abertura de novas empresas, melhorando o ambiente de neg\u00f3cios no munic\u00edpio. Entre os servi\u00e7os prestados, est\u00e3o an\u00e1lise de viabilidade; abertura e legaliza\u00e7\u00e3o de empresas; altera\u00e7\u00e3o cadastral; formaliza\u00e7\u00e3o, altera\u00e7\u00e3o e baixa de MEI; emiss\u00e3o de guias de pagamento e do certificado CCMEI; consulta de d\u00e9bitos e parcelamento de MEI; e declara\u00e7\u00e3o anual (DASN). Al\u00e9m disso, a Sala presta orienta\u00e7\u00f5es sobre o processo de registro de empresas e MEI; processos de licenciamento municipal; legisla\u00e7\u00f5es de uso e ocupa\u00e7\u00e3o do solo; cria\u00e7\u00e3o de cooperativas e associa\u00e7\u00f5es.<\/p>\n<p>A Sala funciona de segunda a sexta-feira, das 9h \u00e0s 13h, no Pa\u00e7o Municipal, localizado na Avenida Bar\u00e3o do Rio Branco, 2231 \u2013 Centro. Atendimentos tamb\u00e9m s\u00e3o realizados por WhatsApp, pelo n\u00famero (32) 991332479.<\/p>\n","protected":false},"excerpt":{"rendered":"<p>Segundo informa\u00e7\u00f5es do site da Prefeitura de Juiz de Fora (PJF), a Sala do Empreendedor de Juiz de Fora fecha 2022 com mais de 16 mil atendimentos realizados, entre presenciais e remotos. No ano, foram mais de 9.800 microempreendedores individuais (MEIs) formalizados e 2.465 empresas de diversos portes abertas no equipamento da Prefeitura de Juiz [&hellip;]<\/p>\n","protected":false},"author":246,"featured_media":208274,"comment_status":"closed","ping_status":"closed","sticky":false,"template":"","format":"standard","meta":{"footnotes":""},"categories":[253,436,439],"tags":[],"class_list":["post-208273","post","type-post","status-publish","format-standard","has-post-thumbnail","hentry","category-cidade","category-destaque-da-semana","category-ultima-hora"],"_links":{"self":[{"href":"https:\/\/diarioregionaldigital.com.br\/index.php?rest_route=\/wp\/v2\/posts\/208273","targetHints":{"allow":["GET"]}}],"collection":[{"href":"https:\/\/diarioregionaldigital.com.br\/index.php?rest_route=\/wp\/v2\/posts"}],"about":[{"href":"https:\/\/diarioregionaldigital.com.br\/index.php?rest_route=\/wp\/v2\/types\/post"}],"author":[{"embeddable":true,"href":"https:\/\/diarioregionaldigital.com.br\/index.php?rest_route=\/wp\/v2\/users\/246"}],"replies":[{"embeddable":true,"href":"https:\/\/diarioregionaldigital.com.br\/index.php?rest_route=%2Fwp%2Fv2%2Fcomments&post=208273"}],"version-history":[{"count":1,"href":"https:\/\/diarioregionaldigital.com.br\/index.php?rest_route=\/wp\/v2\/posts\/208273\/revisions"}],"predecessor-version":[{"id":208275,"href":"https:\/\/diarioregionaldigital.com.br\/index.php?rest_route=\/wp\/v2\/posts\/208273\/revisions\/208275"}],"wp:featuredmedia":[{"embeddable":true,"href":"https:\/\/diarioregionaldigital.com.br\/index.php?rest_route=\/wp\/v2\/media\/208274"}],"wp:attachment":[{"href":"https:\/\/diarioregionaldigital.com.br\/index.php?rest_route=%2Fwp%2Fv2%2Fmedia&parent=208273"}],"wp:term":[{"taxonomy":"category","embeddable":true,"href":"https:\/\/diarioregionaldigital.com.br\/index.php?rest_route=%2Fwp%2Fv2%2Fcategories&post=208273"},{"taxonomy":"post_tag","embeddable":true,"href":"https:\/\/diarioregionaldigital.com.br\/index.php?rest_route=%2Fwp%2Fv2%2Ftags&post=208273"}],"curies":[{"name":"wp","href":"https:\/\/api.w.org\/{rel}","templated":true}]}}