{"id":208269,"date":"2022-12-26T20:03:32","date_gmt":"2022-12-26T23:03:32","guid":{"rendered":"https:\/\/diarioregionaldigital.com.br\/?p=208269"},"modified":"2022-12-26T20:03:32","modified_gmt":"2022-12-26T23:03:32","slug":"pjf-garante-alimentacao-no-recesso-escolar-para-as-criancas-e-adolescentes","status":"publish","type":"post","link":"https:\/\/diarioregionaldigital.com.br\/?p=208269","title":{"rendered":"PJF garante alimenta\u00e7\u00e3o no recesso escolar para as crian\u00e7as e adolescentes"},"content":{"rendered":"<p>Segundo informa\u00e7\u00f5es do site da Prefeitura de Juiz de Fora (PJF), a partir da pr\u00f3xima segunda-feira, dia 2 de janeiro de 2023, a Prefeitura de Juiz de Fora (PJF) oferecer\u00e1 almo\u00e7o para crian\u00e7as e adolescentes matriculadas na rede municipal de ensino. A alimenta\u00e7\u00e3o ser\u00e1 servida em 102 escolas municipais.<\/p>\n<p>Para as crian\u00e7as das creches parceiras da PJF, o almo\u00e7o ser\u00e1 servido nas 14 unidades de Servi\u00e7o de Conviv\u00eancia e Fortalecimento de V\u00ednculos. Confira, em anexo, a lista dos espa\u00e7os, com endere\u00e7o e telefone de contato. Pais e respons\u00e1veis devem procurar as unidades para consultar o hor\u00e1rio de atendimento.<\/p>\n<p>Em julho deste ano, pela primeira vez, a\u00a0<a href=\"https:\/\/www.pjf.mg.gov.br\/noticias\/view.php?modo=link2&amp;idnoticia2=76120#:~:text=Prefeitura%20amplia%20alimenta%C3%A7%C3%A3o%20infantil%20durante%20f%C3%A9rias%20escolares%20%2D%20Portal%20PJF%20%7C%20Not%C3%ADcias&amp;text=A%20Prefeitura%20de%20Juiz%20de,p%C3%BAblica%20de%20ensino%20no%20munic%C3%ADpio.\"><strong>PJF ofertou alimenta\u00e7\u00e3o nas f\u00e9rias<\/strong><\/a>\u00a0em 15 locais espalhados por todas as regi\u00f5es do munic\u00edpio. Foram\u00a0<a href=\"https:\/\/www.pjf.mg.gov.br\/noticias\/view.php?modo=link2&amp;idnoticia2=76322\"><strong>5.975 refei\u00e7\u00f5es servidas<\/strong><\/a>\u00a0durante este per\u00edodo \u00e0s crian\u00e7as e adolescentes educandos e visitantes.<\/p>\n<p><strong>Foto:<\/strong>\u00a0Carlos Mendon\u00e7a<\/p>\n<p>&nbsp;<\/p>\n<div class=\"texto_anexo\"><img loading=\"lazy\" decoding=\"async\" src=\"https:\/\/www.pjf.mg.gov.br\/imagens\/clips.jpg\" width=\"22\" height=\"20\" \/>\u00a0<a href=\"https:\/\/www.pjf.mg.gov.br\/noticias\/anexo\/lista.pdf\" target=\"_blank\" rel=\"noopener\">Veja o anexo<\/a><\/div>\n","protected":false},"excerpt":{"rendered":"<p>Segundo informa\u00e7\u00f5es do site da Prefeitura de Juiz de Fora (PJF), a partir da pr\u00f3xima segunda-feira, dia 2 de janeiro de 2023, a Prefeitura de Juiz de Fora (PJF) oferecer\u00e1 almo\u00e7o para crian\u00e7as e adolescentes matriculadas na rede municipal de ensino. A alimenta\u00e7\u00e3o ser\u00e1 servida em 102 escolas municipais. Para as crian\u00e7as das creches parceiras [&hellip;]<\/p>\n","protected":false},"author":246,"featured_media":208271,"comment_status":"closed","ping_status":"closed","sticky":false,"template":"","format":"standard","meta":{"footnotes":""},"categories":[253,436,440,439],"tags":[],"class_list":["post-208269","post","type-post","status-publish","format-standard","has-post-thumbnail","hentry","category-cidade","category-destaque-da-semana","category-destaques-do-dia","category-ultima-hora"],"_links":{"self":[{"href":"https:\/\/diarioregionaldigital.com.br\/index.php?rest_route=\/wp\/v2\/posts\/208269","targetHints":{"allow":["GET"]}}],"collection":[{"href":"https:\/\/diarioregionaldigital.com.br\/index.php?rest_route=\/wp\/v2\/posts"}],"about":[{"href":"https:\/\/diarioregionaldigital.com.br\/index.php?rest_route=\/wp\/v2\/types\/post"}],"author":[{"embeddable":true,"href":"https:\/\/diarioregionaldigital.com.br\/index.php?rest_route=\/wp\/v2\/users\/246"}],"replies":[{"embeddable":true,"href":"https:\/\/diarioregionaldigital.com.br\/index.php?rest_route=%2Fwp%2Fv2%2Fcomments&post=208269"}],"version-history":[{"count":1,"href":"https:\/\/diarioregionaldigital.com.br\/index.php?rest_route=\/wp\/v2\/posts\/208269\/revisions"}],"predecessor-version":[{"id":208272,"href":"https:\/\/diarioregionaldigital.com.br\/index.php?rest_route=\/wp\/v2\/posts\/208269\/revisions\/208272"}],"wp:featuredmedia":[{"embeddable":true,"href":"https:\/\/diarioregionaldigital.com.br\/index.php?rest_route=\/wp\/v2\/media\/208271"}],"wp:attachment":[{"href":"https:\/\/diarioregionaldigital.com.br\/index.php?rest_route=%2Fwp%2Fv2%2Fmedia&parent=208269"}],"wp:term":[{"taxonomy":"category","embeddable":true,"href":"https:\/\/diarioregionaldigital.com.br\/index.php?rest_route=%2Fwp%2Fv2%2Fcategories&post=208269"},{"taxonomy":"post_tag","embeddable":true,"href":"https:\/\/diarioregionaldigital.com.br\/index.php?rest_route=%2Fwp%2Fv2%2Ftags&post=208269"}],"curies":[{"name":"wp","href":"https:\/\/api.w.org\/{rel}","templated":true}]}}