{"id":208266,"date":"2022-12-26T19:58:22","date_gmt":"2022-12-26T22:58:22","guid":{"rendered":"https:\/\/diarioregionaldigital.com.br\/?p=208266"},"modified":"2022-12-26T19:58:22","modified_gmt":"2022-12-26T22:58:22","slug":"cbf-divulga-calendario-de-competicoes-femininas-2023","status":"publish","type":"post","link":"https:\/\/diarioregionaldigital.com.br\/?p=208266","title":{"rendered":"CBF divulga calend\u00e1rio de competi\u00e7\u00f5es femininas 2023"},"content":{"rendered":"<p>Os torneios femininos organizados pela CBF se consolidam e conquistam mais visibilidade a cada ano. Foi divulgado o Calend\u00e1rio das Competi\u00e7\u00f5es Femininas para 2023. O ano \u00e9 especial para a modalidade por tratar-se da realiza\u00e7\u00e3o da Copa do Mundo Feminina FIFA Austr\u00e1lia Nova Zel\u00e2ndia 2023.<\/p>\n<p>Todas as competi\u00e7\u00f5es lan\u00e7adas seguem previstas para a pr\u00f3ximo ano, que contar\u00e1 com per\u00edodo espec\u00edfico reservado aos torneios estaduais: entre setembro e dezembro. As emo\u00e7\u00f5es do futebol feminino come\u00e7am no dia 5 de fevereiro, com a Supercopa Feminina.<\/p>\n<p>Durante a Copa do Mundo FIFA 2023, a ser realizada na Austr\u00e1lia e Nova Zel\u00e2ndia, entre os dias 20 de julho e 20 de agosto, os jogos das competi\u00e7\u00f5es femininas ser\u00e3o paralisados, assim como nas Datas-Fifa do ano.<\/p>\n<p>As principais altera\u00e7\u00f5es em rela\u00e7\u00e3o \u00e0 temporada 2022 est\u00e3o nas duas disputas destinadas \u00e0s categorias de base do futebol feminino.\u00a0O\u00a0<strong>Campeonato Brasileiro Feminino de Futebol Sub-20<\/strong>\u00a0ter\u00e1 a quantidade de clubes reduzida de 24 para 20 participantes, com o objetivo de aumentar a competitividade do torneio. As equipes disputar\u00e3o suas partidas como mandantes em seus est\u00e1dios ou Centros de Treinamento e n\u00e3o mais em uma sede \u00fanica.<\/p>\n<p>J\u00e1 o\u00a0<strong>Campeonato Brasileiro Feminino de Futebol Sub-17<\/strong>\u00a0ter\u00e1 o n\u00famero de clubes aumentada de 12 para 16 participantes.<\/p>\n<p>Os demais campeonatos seguir\u00e3o com os mesmos formatos adotados em 2022. Confira um resumo das datas abaixo. O calend\u00e1rio completo encontra-se no documento em anexo.<\/p>\n<p><strong>Supercopa Feminina<\/strong>\u00a0&#8211; 5 a 12 de fevereiro.<\/p>\n<p><strong>Brasileiro Feminino A-1<\/strong>\u00a0&#8211; 26 de fevereiro a 17 de setembro<\/p>\n<p><strong>Brasileiro Feminino Sub-20<\/strong>\u00a0&#8211; 8 de mar\u00e7o a 21 de junho<\/p>\n<p><strong>Brasileiro Feminino A-2<\/strong>\u00a0&#8211; 15 de abril a 8 de julho<\/p>\n<p><strong>Brasileiro Feminino A-3<\/strong>\u00a0&#8211; 15 de abril a 24 de junho<\/p>\n<p><strong>Brasileiro Feminino Sub-17<\/strong>\u00a0&#8211; 4 a 25 de novembro<\/p>\n","protected":false},"excerpt":{"rendered":"<p>Os torneios femininos organizados pela CBF se consolidam e conquistam mais visibilidade a cada ano. Foi divulgado o Calend\u00e1rio das Competi\u00e7\u00f5es Femininas para 2023. O ano \u00e9 especial para a modalidade por tratar-se da realiza\u00e7\u00e3o da Copa do Mundo Feminina FIFA Austr\u00e1lia Nova Zel\u00e2ndia 2023. Todas as competi\u00e7\u00f5es lan\u00e7adas seguem previstas para a pr\u00f3ximo ano, [&hellip;]<\/p>\n","protected":false},"author":246,"featured_media":208267,"comment_status":"closed","ping_status":"closed","sticky":false,"template":"","format":"standard","meta":{"footnotes":""},"categories":[436,257,439],"tags":[],"class_list":["post-208266","post","type-post","status-publish","format-standard","has-post-thumbnail","hentry","category-destaque-da-semana","category-esporte","category-ultima-hora"],"_links":{"self":[{"href":"https:\/\/diarioregionaldigital.com.br\/index.php?rest_route=\/wp\/v2\/posts\/208266","targetHints":{"allow":["GET"]}}],"collection":[{"href":"https:\/\/diarioregionaldigital.com.br\/index.php?rest_route=\/wp\/v2\/posts"}],"about":[{"href":"https:\/\/diarioregionaldigital.com.br\/index.php?rest_route=\/wp\/v2\/types\/post"}],"author":[{"embeddable":true,"href":"https:\/\/diarioregionaldigital.com.br\/index.php?rest_route=\/wp\/v2\/users\/246"}],"replies":[{"embeddable":true,"href":"https:\/\/diarioregionaldigital.com.br\/index.php?rest_route=%2Fwp%2Fv2%2Fcomments&post=208266"}],"version-history":[{"count":1,"href":"https:\/\/diarioregionaldigital.com.br\/index.php?rest_route=\/wp\/v2\/posts\/208266\/revisions"}],"predecessor-version":[{"id":208268,"href":"https:\/\/diarioregionaldigital.com.br\/index.php?rest_route=\/wp\/v2\/posts\/208266\/revisions\/208268"}],"wp:featuredmedia":[{"embeddable":true,"href":"https:\/\/diarioregionaldigital.com.br\/index.php?rest_route=\/wp\/v2\/media\/208267"}],"wp:attachment":[{"href":"https:\/\/diarioregionaldigital.com.br\/index.php?rest_route=%2Fwp%2Fv2%2Fmedia&parent=208266"}],"wp:term":[{"taxonomy":"category","embeddable":true,"href":"https:\/\/diarioregionaldigital.com.br\/index.php?rest_route=%2Fwp%2Fv2%2Fcategories&post=208266"},{"taxonomy":"post_tag","embeddable":true,"href":"https:\/\/diarioregionaldigital.com.br\/index.php?rest_route=%2Fwp%2Fv2%2Ftags&post=208266"}],"curies":[{"name":"wp","href":"https:\/\/api.w.org\/{rel}","templated":true}]}}