{"id":208263,"date":"2022-12-26T19:56:14","date_gmt":"2022-12-26T22:56:14","guid":{"rendered":"https:\/\/diarioregionaldigital.com.br\/?p=208263"},"modified":"2022-12-26T19:56:14","modified_gmt":"2022-12-26T22:56:14","slug":"conmebol-e-uefa-celebram-acordo-para-formacao-de-tecnicos","status":"publish","type":"post","link":"https:\/\/diarioregionaldigital.com.br\/?p=208263","title":{"rendered":"Conmebol e Uefa celebram acordo para forma\u00e7\u00e3o de t\u00e9cnicos"},"content":{"rendered":"<p>A Uefa e a Conmebol anunciaram nesta quinta-feira (22) um acordo sobre forma\u00e7\u00e3o e capacita\u00e7\u00e3o dos treinadores da Am\u00e9rica do Sul e Europa. Em reuni\u00e3o em Doha, os presidentes Alejandro Dominguez e Aleksander Ceferin assinaram uma alian\u00e7a de Acordo Operativo sobre o Reconhecimento M\u00fatuo de Qualifica\u00e7\u00f5es e Compet\u00eancias dos Treinadores e um Acordo T\u00e9cnico para o Desenvolvimento dos T\u00e9cnicos.<\/p>\n<p>O acordo celebrado entre Uefa e Conmebol \u00e9 uma reivindica\u00e7\u00e3o do presidente da CBF, Ednaldo Rodrigues, que \u00e9 favor\u00e1vel a uma maior integra\u00e7\u00e3o dos dois continentes no futebol.<\/p>\n<p>Essa foi mais uma a\u00e7\u00e3o de parceria das duas entidades, que tamb\u00e9m atuam de forma conjunta no desenvolvimento da arbitragem do futebol mundial. Nos \u00faltimos anos, Conmebol e Uefa conduziram uma nova rela\u00e7\u00e3o, com a cria\u00e7\u00e3o de novos cursos e interc\u00e2mbio entre profissionais da Am\u00e9rica do Sul e Europa.<\/p>\n<p>Al\u00e9m do acerto sobre o desenvolvimento dos t\u00e9cnicos, as duas associa\u00e7\u00f5es tamb\u00e9m criaram outras parcerias, com trabalhos conjuntos na arbitragem, cursos e interc\u00e2mbios entre profissionais da Am\u00e9rica do Sul e Europa.<\/p>\n<p>A alian\u00e7a anunciada em Doha estabelece requisitos m\u00ednimos e os procedimentos para o reconhecimento das qualifica\u00e7\u00f5es dos treinadores por parte da Uefa e da Conmebol. A medida visa garantir par\u00e2metros para a forma\u00e7\u00e3o dos novos profissionais, com a valida\u00e7\u00e3o dos certificados para os dois territ\u00f3rios.<\/p>\n<p>J\u00e1 o acordo t\u00e9cnico para o desenvolvimento dos treinadores estabelecer\u00e1 princ\u00edpios da coopera\u00e7\u00e3o e busca criar uma sintonia melhor nos crit\u00e9rios de forma\u00e7\u00e3o dos treinadores de cada agremia\u00e7\u00e3o. Como consequ\u00eancia, haver\u00e1 uma comunica\u00e7\u00e3o mais alinhada para que os profissionais tenham o melhor tipo de trabalho.<\/p>\n<p>O resultado desse acordo ser\u00e1 uma possibilidade maior para troca de informa\u00e7\u00f5es, pr\u00e1ticas e tamb\u00e9m de informa\u00e7\u00f5es sobre assuntos relacionados a forma\u00e7\u00e3o de treinadores.<\/p>\n<p>A Uefa e a Conmebol padronizar\u00e3o os cursos, com requisitos m\u00ednimos, com crit\u00e9rios e regras de forma\u00e7\u00e3o, al\u00e9m da dura\u00e7\u00e3o e quantidade de conte\u00fado de cada curso de treinador de acordo com sua respectiva entidade de forma\u00e7\u00e3o.<\/p>\n<p><span style=\"font-weight: 400;\">Fonte: CBF<\/span><\/p>\n","protected":false},"excerpt":{"rendered":"<p>A Uefa e a Conmebol anunciaram nesta quinta-feira (22) um acordo sobre forma\u00e7\u00e3o e capacita\u00e7\u00e3o dos treinadores da Am\u00e9rica do Sul e Europa. Em reuni\u00e3o em Doha, os presidentes Alejandro Dominguez e Aleksander Ceferin assinaram uma alian\u00e7a de Acordo Operativo sobre o Reconhecimento M\u00fatuo de Qualifica\u00e7\u00f5es e Compet\u00eancias dos Treinadores e um Acordo T\u00e9cnico para [&hellip;]<\/p>\n","protected":false},"author":246,"featured_media":208264,"comment_status":"closed","ping_status":"closed","sticky":false,"template":"","format":"standard","meta":{"footnotes":""},"categories":[436,257,439],"tags":[],"class_list":["post-208263","post","type-post","status-publish","format-standard","has-post-thumbnail","hentry","category-destaque-da-semana","category-esporte","category-ultima-hora"],"_links":{"self":[{"href":"https:\/\/diarioregionaldigital.com.br\/index.php?rest_route=\/wp\/v2\/posts\/208263","targetHints":{"allow":["GET"]}}],"collection":[{"href":"https:\/\/diarioregionaldigital.com.br\/index.php?rest_route=\/wp\/v2\/posts"}],"about":[{"href":"https:\/\/diarioregionaldigital.com.br\/index.php?rest_route=\/wp\/v2\/types\/post"}],"author":[{"embeddable":true,"href":"https:\/\/diarioregionaldigital.com.br\/index.php?rest_route=\/wp\/v2\/users\/246"}],"replies":[{"embeddable":true,"href":"https:\/\/diarioregionaldigital.com.br\/index.php?rest_route=%2Fwp%2Fv2%2Fcomments&post=208263"}],"version-history":[{"count":1,"href":"https:\/\/diarioregionaldigital.com.br\/index.php?rest_route=\/wp\/v2\/posts\/208263\/revisions"}],"predecessor-version":[{"id":208265,"href":"https:\/\/diarioregionaldigital.com.br\/index.php?rest_route=\/wp\/v2\/posts\/208263\/revisions\/208265"}],"wp:featuredmedia":[{"embeddable":true,"href":"https:\/\/diarioregionaldigital.com.br\/index.php?rest_route=\/wp\/v2\/media\/208264"}],"wp:attachment":[{"href":"https:\/\/diarioregionaldigital.com.br\/index.php?rest_route=%2Fwp%2Fv2%2Fmedia&parent=208263"}],"wp:term":[{"taxonomy":"category","embeddable":true,"href":"https:\/\/diarioregionaldigital.com.br\/index.php?rest_route=%2Fwp%2Fv2%2Fcategories&post=208263"},{"taxonomy":"post_tag","embeddable":true,"href":"https:\/\/diarioregionaldigital.com.br\/index.php?rest_route=%2Fwp%2Fv2%2Ftags&post=208263"}],"curies":[{"name":"wp","href":"https:\/\/api.w.org\/{rel}","templated":true}]}}