{"id":208260,"date":"2022-12-26T19:54:03","date_gmt":"2022-12-26T22:54:03","guid":{"rendered":"https:\/\/diarioregionaldigital.com.br\/?p=208260"},"modified":"2022-12-26T19:54:03","modified_gmt":"2022-12-26T22:54:03","slug":"numero-1-do-pais-bia-haddad-prioriza-torneios-de-simples-em-2023","status":"publish","type":"post","link":"https:\/\/diarioregionaldigital.com.br\/?p=208260","title":{"rendered":"N\u00famero 1 do pa\u00eds, Bia Haddad prioriza torneios de simples em 2023"},"content":{"rendered":"<p>A brasileira Beatriz Haddad Maia finalizou a temporada como 15\u00aa colocada do ranking de simples da Associa\u00e7\u00e3o de T\u00eanis Feminino (WTA, sigla em ingl\u00eas), ganhando 67 posi\u00e7\u00f5es em rela\u00e7\u00e3o a dezembro de 2021. Nas duplas, a subida foi ainda mais impressionante, saindo do 485\u00ba lugar para 13\u00ba. N\u00e3o \u00e0 toa, foi nomeada pela entidade como tenista que mais evoluiu durante o ano. Ainda assim, a prioridade para 2023 ser\u00e3o as disputas individuais.<img decoding=\"async\" src=\"https:\/\/agenciabrasil.ebc.com.br\/ebc.png?id=1499961&amp;o=node\" \/><img decoding=\"async\" src=\"https:\/\/agenciabrasil.ebc.com.br\/ebc.gif?id=1499961&amp;o=node\" \/><\/p>\n<p>\u201cEu sou jogadora de simples, isso \u00e9 bem claro na minha cabe\u00e7a. A dupla eu sempre joguei para tentar melhorar meu t\u00eanis, saque e devolu\u00e7\u00e3o e porque adoro jogar dupla, para competir. A prioridade \u00e9 simples, n\u00e3o jogarei o ano inteiro duplas. Vou continuar priorizando a sa\u00fade do meu corpo, com certeza\u201d, afirmou Bia \u00e0\u00a0<strong>Ag\u00eancia Brasil<\/strong>.<\/p>\n<p>A paulista de 26 anos conquistou quatro t\u00edtulos do circuito da WTA de 2022. Em simples, foi campe\u00e3 dos WTA 250 (terceiro n\u00edvel) de Nottingham e Birmingham (ambos Gr\u00e3-Bretanha). Nas duplas, al\u00e9m de tamb\u00e9m vencer em Birmingham, ao lado da chinesa Zhang Shuai, ela levantou o trof\u00e9u do WTA 500 (segundo n\u00edvel, intermedi\u00e1rio) de Sydney (Austr\u00e1lia), tendo a cazaque Anna Danilina como parceira. Outra campanha de destaque foi o vice, no individual, do WTA 1000 (n\u00edvel mais alto) de Toronto (Canad\u00e1).<\/p>\n<p>Bia conversou com a\u00a0<strong>Ag\u00eancia Brasil<\/strong>\u00a0durante visita a um n\u00facleo do projeto Maria Esther Bueno, no Centro Esportivo Man\u00e9 Garrincha, no Ibirapuera, zona sul de S\u00e3o Paulo. Ela bateu bola e respondeu perguntas de crian\u00e7as atendidas pela iniciativa, que atua com crian\u00e7as de escolas p\u00fablicas nas cinco regi\u00f5es do pa\u00eds.<\/p>\n<p>\u201cConforme vamos tendo resultados, aumenta nossa responsabilidade. Tudo isso faz parte de um sonho, um trabalho da equipe, n\u00e3o somente chegar ao topo, mas tamb\u00e9m poder retribuir com isso e fazer diferen\u00e7a na vida das pessoas, especialmente aquelas que precisam mais. Eu ganho meu dia recebendo esse abra\u00e7o, sorriso e um carinho muito genu\u00edno\u201d, declarou.<\/p>\n<p>A visita antecedeu a viagem de Bia \u00e0 Austr\u00e1lia. Na pr\u00f3xima quinta-feira (29) a tenista j\u00e1 inicia a temporada 2023 com a disputa da United Cup, competi\u00e7\u00e3o entre sele\u00e7\u00f5es mistas. Al\u00e9m da paulista, a equipe brasileira \u00e9 formada por Laura Pigossi, Luisa Stefani, Carol Meligeni, Thiago Monteiro, Felipe Meligeni, Matheus Pucinelli e Rafael Matos. O Brasil est\u00e1 no Grupo E (com sede em Brisbane) com It\u00e1lia e Noruega. As equipes disputar\u00e3o uma melhor de cinco partidas (quatro de simples e uma de duplas). O pa\u00eds mais bem colocado passa de fase. O torneio segue at\u00e9 8 de janeiro.<\/p>\n<div class=\"post-item-wrap\">\n<p>A competi\u00e7\u00e3o serve de prepara\u00e7\u00e3o para o Aberto da Austr\u00e1lia, primeiro dos quatro principais campeonatos da temporada, os chamados Grand Slams. O torneio come\u00e7a no pr\u00f3ximo dia 16 de janeiro. Em 2022, a brasileira chegou \u00e0 final de duplas, mas ela e Anna Danilina foram superadas pelas tchecas Barbora Krejcikova e Katerina Siniakova, principais favoritas. Foi a melhor campanha da paulista em uma competi\u00e7\u00e3o deste n\u00edvel.<\/p>\n<p>\u201cO principal objetivo \u00e9 continuar saud\u00e1vel. Al\u00e9m disso, tenho que me concentrar o m\u00e1ximo poss\u00edvel, trabalhar melhor dentro de quadra e executar bem o que preciso para pensar em resultados. Terei um WTA 500 [em Adelaide, a partir de 9 de janeiro] antes do Aberto da Austr\u00e1lia, ent\u00e3o quero jogar no mais alto n\u00edvel poss\u00edvel, que \u00e9 o que far\u00e1 diferen\u00e7a para os objetivos maiores\u201d, projetou.<\/p>\n<p>Entre os objetivos est\u00e1 representar o Brasil na Olimp\u00edada de Paris (Fran\u00e7a), em 2024. Nos Jogos de T\u00f3quio (Jap\u00e3o), no ano passado, o pa\u00eds alcan\u00e7ou a primeira medalha da hist\u00f3ria no t\u00eanis, com o bronze de Lu\u00edsa Stefani e Laura Pigossi nas duplas femininas.<\/p>\n<p>&#8220;Especialmente sendo brasileira, a Olimp\u00edada \u00e9 muito especial, crescemos acompanhando pela TV. Tenho sim esse sonho para concretizar em 2024\u201d, concluiu Bia.<\/p>\n<\/div>\n<p class=\"alt-font font-italic my-2 small text-info\"><span style=\"font-weight: 400;\">Fonte: Ag\u00eancia Brasil <\/span><\/p>\n","protected":false},"excerpt":{"rendered":"<p>A brasileira Beatriz Haddad Maia finalizou a temporada como 15\u00aa colocada do ranking de simples da Associa\u00e7\u00e3o de T\u00eanis Feminino (WTA, sigla em ingl\u00eas), ganhando 67 posi\u00e7\u00f5es em rela\u00e7\u00e3o a dezembro de 2021. Nas duplas, a subida foi ainda mais impressionante, saindo do 485\u00ba lugar para 13\u00ba. N\u00e3o \u00e0 toa, foi nomeada pela entidade como [&hellip;]<\/p>\n","protected":false},"author":246,"featured_media":208261,"comment_status":"closed","ping_status":"closed","sticky":false,"template":"","format":"standard","meta":{"footnotes":""},"categories":[436,257,439],"tags":[],"class_list":["post-208260","post","type-post","status-publish","format-standard","has-post-thumbnail","hentry","category-destaque-da-semana","category-esporte","category-ultima-hora"],"_links":{"self":[{"href":"https:\/\/diarioregionaldigital.com.br\/index.php?rest_route=\/wp\/v2\/posts\/208260","targetHints":{"allow":["GET"]}}],"collection":[{"href":"https:\/\/diarioregionaldigital.com.br\/index.php?rest_route=\/wp\/v2\/posts"}],"about":[{"href":"https:\/\/diarioregionaldigital.com.br\/index.php?rest_route=\/wp\/v2\/types\/post"}],"author":[{"embeddable":true,"href":"https:\/\/diarioregionaldigital.com.br\/index.php?rest_route=\/wp\/v2\/users\/246"}],"replies":[{"embeddable":true,"href":"https:\/\/diarioregionaldigital.com.br\/index.php?rest_route=%2Fwp%2Fv2%2Fcomments&post=208260"}],"version-history":[{"count":1,"href":"https:\/\/diarioregionaldigital.com.br\/index.php?rest_route=\/wp\/v2\/posts\/208260\/revisions"}],"predecessor-version":[{"id":208262,"href":"https:\/\/diarioregionaldigital.com.br\/index.php?rest_route=\/wp\/v2\/posts\/208260\/revisions\/208262"}],"wp:featuredmedia":[{"embeddable":true,"href":"https:\/\/diarioregionaldigital.com.br\/index.php?rest_route=\/wp\/v2\/media\/208261"}],"wp:attachment":[{"href":"https:\/\/diarioregionaldigital.com.br\/index.php?rest_route=%2Fwp%2Fv2%2Fmedia&parent=208260"}],"wp:term":[{"taxonomy":"category","embeddable":true,"href":"https:\/\/diarioregionaldigital.com.br\/index.php?rest_route=%2Fwp%2Fv2%2Fcategories&post=208260"},{"taxonomy":"post_tag","embeddable":true,"href":"https:\/\/diarioregionaldigital.com.br\/index.php?rest_route=%2Fwp%2Fv2%2Ftags&post=208260"}],"curies":[{"name":"wp","href":"https:\/\/api.w.org\/{rel}","templated":true}]}}