{"id":208254,"date":"2022-12-26T19:44:25","date_gmt":"2022-12-26T22:44:25","guid":{"rendered":"https:\/\/diarioregionaldigital.com.br\/?p=208254"},"modified":"2022-12-26T19:44:25","modified_gmt":"2022-12-26T22:44:25","slug":"congresso-promulga-reajustes-para-parlamentar-ministro-e-presidente","status":"publish","type":"post","link":"https:\/\/diarioregionaldigital.com.br\/?p=208254","title":{"rendered":"Congresso promulga reajustes para parlamentar, ministro e presidente"},"content":{"rendered":"<p>O presidente do Congresso Nacional, Rodrigo Pacheco, promulgou o reajuste de sal\u00e1rios de ministros de Estado, deputados, senadores, do presidente e do vice-presidente da Rep\u00fablica. O texto que fixa os subs\u00eddios foi\u00a0<a href=\"https:\/\/www.in.gov.br\/en\/web\/dou\/-\/decreto-legislativo-453510316\" target=\"_blank\" rel=\"noopener\">publicado<\/a>\u00a0hoje\u00a0(26) no\u00a0<em>Di\u00e1rio Oficial da Uni\u00e3o<\/em>.<img decoding=\"async\" src=\"https:\/\/agenciabrasil.ebc.com.br\/ebc.png?id=1499886&amp;o=node\" \/><img decoding=\"async\" src=\"https:\/\/agenciabrasil.ebc.com.br\/ebc.gif?id=1499886&amp;o=node\" \/><\/p>\n<p>Com o reajuste, ministros de Estado, parlamentares, presidente e vice-presidente da Rep\u00fablica\u00a0passam a\u00a0receber R$ 46.366,19 de forma escalonada, sendo R$ 39.293,32 a partir de 1\u00ba de janeiro de 2023;\u00a0R$ 41.650,92 a partir de 1\u00b0 de abril de 2023;\u00a0R$ 44.008,52 a partir de 1\u00b0 de fevereiro de 2024; e\u00a0R$ 46.366,19 a partir de 1\u00ba de fevereiro de 2025.<\/p>\n<p>Segundo o Congresso Nacional, os reajustes t\u00eam impacto de R$ 2,5 bilh\u00f5es no Or\u00e7amento de 2023, montante que j\u00e1 estava previsto no projeto do Or\u00e7amento do pr\u00f3ximo ano.<\/p>\n<p><span style=\"font-weight: 400;\">Fonte: Ag\u00eancia Brasil <\/span><\/p>\n","protected":false},"excerpt":{"rendered":"<p>O presidente do Congresso Nacional, Rodrigo Pacheco, promulgou o reajuste de sal\u00e1rios de ministros de Estado, deputados, senadores, do presidente e do vice-presidente da Rep\u00fablica. O texto que fixa os subs\u00eddios foi\u00a0publicado\u00a0hoje\u00a0(26) no\u00a0Di\u00e1rio Oficial da Uni\u00e3o. Com o reajuste, ministros de Estado, parlamentares, presidente e vice-presidente da Rep\u00fablica\u00a0passam a\u00a0receber R$ 46.366,19 de forma escalonada, sendo [&hellip;]<\/p>\n","protected":false},"author":246,"featured_media":208255,"comment_status":"closed","ping_status":"closed","sticky":false,"template":"","format":"standard","meta":{"footnotes":""},"categories":[436,254,439],"tags":[],"class_list":["post-208254","post","type-post","status-publish","format-standard","has-post-thumbnail","hentry","category-destaque-da-semana","category-politica","category-ultima-hora"],"_links":{"self":[{"href":"https:\/\/diarioregionaldigital.com.br\/index.php?rest_route=\/wp\/v2\/posts\/208254","targetHints":{"allow":["GET"]}}],"collection":[{"href":"https:\/\/diarioregionaldigital.com.br\/index.php?rest_route=\/wp\/v2\/posts"}],"about":[{"href":"https:\/\/diarioregionaldigital.com.br\/index.php?rest_route=\/wp\/v2\/types\/post"}],"author":[{"embeddable":true,"href":"https:\/\/diarioregionaldigital.com.br\/index.php?rest_route=\/wp\/v2\/users\/246"}],"replies":[{"embeddable":true,"href":"https:\/\/diarioregionaldigital.com.br\/index.php?rest_route=%2Fwp%2Fv2%2Fcomments&post=208254"}],"version-history":[{"count":1,"href":"https:\/\/diarioregionaldigital.com.br\/index.php?rest_route=\/wp\/v2\/posts\/208254\/revisions"}],"predecessor-version":[{"id":208256,"href":"https:\/\/diarioregionaldigital.com.br\/index.php?rest_route=\/wp\/v2\/posts\/208254\/revisions\/208256"}],"wp:featuredmedia":[{"embeddable":true,"href":"https:\/\/diarioregionaldigital.com.br\/index.php?rest_route=\/wp\/v2\/media\/208255"}],"wp:attachment":[{"href":"https:\/\/diarioregionaldigital.com.br\/index.php?rest_route=%2Fwp%2Fv2%2Fmedia&parent=208254"}],"wp:term":[{"taxonomy":"category","embeddable":true,"href":"https:\/\/diarioregionaldigital.com.br\/index.php?rest_route=%2Fwp%2Fv2%2Fcategories&post=208254"},{"taxonomy":"post_tag","embeddable":true,"href":"https:\/\/diarioregionaldigital.com.br\/index.php?rest_route=%2Fwp%2Fv2%2Ftags&post=208254"}],"curies":[{"name":"wp","href":"https:\/\/api.w.org\/{rel}","templated":true}]}}