{"id":208245,"date":"2022-12-26T19:40:12","date_gmt":"2022-12-26T22:40:12","guid":{"rendered":"https:\/\/diarioregionaldigital.com.br\/?p=208245"},"modified":"2022-12-26T19:40:12","modified_gmt":"2022-12-26T22:40:12","slug":"politica-externa-de-lula-buscara-reconstruir-pontes-com-sul-americanos","status":"publish","type":"post","link":"https:\/\/diarioregionaldigital.com.br\/?p=208245","title":{"rendered":"Pol\u00edtica externa de Lula buscar\u00e1 reconstruir pontes com sul-americanos"},"content":{"rendered":"<p>A pol\u00edtica externa est\u00e1 entre as prioridades do presidente eleito Luiz In\u00e1cio Lula da Silva, que assume o cargo no dia 1\u00ba de janeiro. Um dos desafios da pasta das Rela\u00e7\u00f5es Exteriores, sob o comando do embaixador Mauro Vieira, ser\u00e1 retomar o protagonismo no enfrentamento \u00e0s mudan\u00e7as clim\u00e1ticas.<img decoding=\"async\" src=\"https:\/\/agenciabrasil.ebc.com.br\/ebc.png?id=1499381&amp;o=node\" \/><img decoding=\"async\" src=\"https:\/\/agenciabrasil.ebc.com.br\/ebc.gif?id=1499381&amp;o=node\" \/><\/p>\n<p>O primeiro passo nesse sentido ocorreu dias depois do segundo turno das elei\u00e7\u00f5es, quando Lula, j\u00e1 como presidente eleito, foi ao Egito para participar da COP27, a Confer\u00eancia do Clima das Na\u00e7\u00f5es Unidas. Na ocasi\u00e3o, Lula disse que o Brasil est\u00e1 \u201cde volta\u201d e prop\u00f4s que uma nova confer\u00eancia clim\u00e1tica tenha a Amaz\u00f4nia como sede.<\/p>\n<p>Tamb\u00e9m est\u00e1 na mira do novo governo o fortalecimento de mecanismos como o Mercosul e o Brics, grupo formado pelo Brasil, R\u00fassia, \u00cdndia, China e \u00c1frica do Sul. A defesa de uma reforma estrutural da Organiza\u00e7\u00e3o das Na\u00e7\u00f5es Unidas (ONU) e a conquista de um assento no Conselho de Seguran\u00e7a da entidade s\u00e3o outros desafios da pol\u00edtica externa.<\/p>\n<p>O fortalecimento de parcerias comerciais estrat\u00e9gicas, como a da China, tamb\u00e9m \u00e9 prioridade. O pa\u00eds asi\u00e1tico respondeu pela maior participa\u00e7\u00e3o nas exporta\u00e7\u00f5es brasileiras em 2021: 31,28% do total, ou US$ 87,7 bilh\u00f5es.<\/p>\n<h2>Agenda internacional<\/h2>\n<p>A primeira viagem internacional de Lula, depois de tomar posse na Presid\u00eancia da Rep\u00fablica, ser\u00e1 para a Argentina, onde participar\u00e1 da C\u00fapula da Comunidade de Estados Latino-Americanos e Caribenhos (Celac), no fim de janeiro. Segundo o futuro chanceler, Mauro Vieira, Lula pretende implantar uma pol\u00edtica de reconstru\u00e7\u00e3o de pontes, em primeiro lugar com os vizinhos sul-americanos, restabelecendo todos os mecanismos de contato e negocia\u00e7\u00e3o, e tamb\u00e9m com Am\u00e9rica Latina, em geral.<\/p>\n<p>Est\u00e3o previstas ainda para o primeiro trimestre viagens de Lula aos Estados Unidos e \u00e0 China.<\/p>\n<p>Logo depois da confirma\u00e7\u00e3o da vit\u00f3ria de Lula no segundo turno, o presidente chin\u00eas, Xi Jinping, enviou carta de cumprimentos ao eleito. \u201cRecebi com satisfa\u00e7\u00e3o carta do presidente Xi Jinping, refor\u00e7ando os cumprimentos pelo resultado eleitoral, a amizade e parceria estrat\u00e9gica global entre nossos pa\u00edses e a vis\u00e3o de longo prazo das rela\u00e7\u00f5es entre Brasil e China\u201d, divulgou em mensagem no Twitter.<\/p>\n<p>Em novembro, o governo dos Estados Unidos (EUA) tamb\u00e9m fez um gesto aproxima\u00e7\u00e3o com o Brasil. Lula teve uma reuni\u00e3o com o conselheiro de Seguran\u00e7a Nacional dos EUA, Jake Sullivan, e outros representantes do governo de Joe Biden, em Bras\u00edlia. No encontro, Lula foi convidado para uma visita a Washington, antes mesmo de tomar posse, o que n\u00e3o foi poss\u00edvel.<\/p>\n<p>Jake Sullivan disse ao presidente eleito que Joe Biden pretende encontr\u00e1-lo pessoalmente para expressar um compromisso real e a motiva\u00e7\u00e3o para proteger a Amaz\u00f4nia e falar sobre uma variedade de suportes que seu pa\u00eds pode dar, \u201cn\u00e3o apenas t\u00e9cnicos, mas tamb\u00e9m financeiros\u201d.<\/p>\n<p><span style=\"font-weight: 400;\">Fonte: Ag\u00eancia Brasil <\/span><\/p>\n","protected":false},"excerpt":{"rendered":"<p>A pol\u00edtica externa est\u00e1 entre as prioridades do presidente eleito Luiz In\u00e1cio Lula da Silva, que assume o cargo no dia 1\u00ba de janeiro. Um dos desafios da pasta das Rela\u00e7\u00f5es Exteriores, sob o comando do embaixador Mauro Vieira, ser\u00e1 retomar o protagonismo no enfrentamento \u00e0s mudan\u00e7as clim\u00e1ticas. O primeiro passo nesse sentido ocorreu dias [&hellip;]<\/p>\n","protected":false},"author":246,"featured_media":208246,"comment_status":"closed","ping_status":"closed","sticky":false,"template":"","format":"standard","meta":{"footnotes":""},"categories":[436,440,254,439],"tags":[],"class_list":["post-208245","post","type-post","status-publish","format-standard","has-post-thumbnail","hentry","category-destaque-da-semana","category-destaques-do-dia","category-politica","category-ultima-hora"],"_links":{"self":[{"href":"https:\/\/diarioregionaldigital.com.br\/index.php?rest_route=\/wp\/v2\/posts\/208245","targetHints":{"allow":["GET"]}}],"collection":[{"href":"https:\/\/diarioregionaldigital.com.br\/index.php?rest_route=\/wp\/v2\/posts"}],"about":[{"href":"https:\/\/diarioregionaldigital.com.br\/index.php?rest_route=\/wp\/v2\/types\/post"}],"author":[{"embeddable":true,"href":"https:\/\/diarioregionaldigital.com.br\/index.php?rest_route=\/wp\/v2\/users\/246"}],"replies":[{"embeddable":true,"href":"https:\/\/diarioregionaldigital.com.br\/index.php?rest_route=%2Fwp%2Fv2%2Fcomments&post=208245"}],"version-history":[{"count":1,"href":"https:\/\/diarioregionaldigital.com.br\/index.php?rest_route=\/wp\/v2\/posts\/208245\/revisions"}],"predecessor-version":[{"id":208247,"href":"https:\/\/diarioregionaldigital.com.br\/index.php?rest_route=\/wp\/v2\/posts\/208245\/revisions\/208247"}],"wp:featuredmedia":[{"embeddable":true,"href":"https:\/\/diarioregionaldigital.com.br\/index.php?rest_route=\/wp\/v2\/media\/208246"}],"wp:attachment":[{"href":"https:\/\/diarioregionaldigital.com.br\/index.php?rest_route=%2Fwp%2Fv2%2Fmedia&parent=208245"}],"wp:term":[{"taxonomy":"category","embeddable":true,"href":"https:\/\/diarioregionaldigital.com.br\/index.php?rest_route=%2Fwp%2Fv2%2Fcategories&post=208245"},{"taxonomy":"post_tag","embeddable":true,"href":"https:\/\/diarioregionaldigital.com.br\/index.php?rest_route=%2Fwp%2Fv2%2Ftags&post=208245"}],"curies":[{"name":"wp","href":"https:\/\/api.w.org\/{rel}","templated":true}]}}