{"id":208241,"date":"2022-12-26T19:33:26","date_gmt":"2022-12-26T22:33:26","guid":{"rendered":"https:\/\/diarioregionaldigital.com.br\/?p=208241"},"modified":"2022-12-26T19:33:26","modified_gmt":"2022-12-26T22:33:26","slug":"uso-de-energia-solar-cresce-no-pais-com-19-gw-de-potencia-instalada","status":"publish","type":"post","link":"https:\/\/diarioregionaldigital.com.br\/?p=208241","title":{"rendered":"Uso de energia solar cresce no pa\u00eds, com 19 GW de pot\u00eancia instalada"},"content":{"rendered":"<p>A m\u00e9dia de economia, quando se utiliza a energia solar em substitui\u00e7\u00e3o \u00e0 el\u00e9trica, chega a at\u00e9 90%. A estimativa\u00a0\u00e9 da Associa\u00e7\u00e3o Brasileira de Energia Solar Fotovoltaica (Absolar).<img decoding=\"async\" src=\"https:\/\/agenciabrasil.ebc.com.br\/ebc.png?id=1499862&amp;o=node\" \/><img decoding=\"async\" src=\"https:\/\/agenciabrasil.ebc.com.br\/ebc.gif?id=1499862&amp;o=node\" \/><\/p>\n<p>O\u00a0setor, que vem crescendo muito no Brasil, j\u00e1 ocupa o 3\u00ba lugar em gera\u00e7\u00e3o de\u00a0energia, perdendo apenas para e\u00f3lica e el\u00e9trica.<\/p>\n<p>O pa\u00eds ultrapassou a marca de 19 gigawatts (GW)\u00a0de pot\u00eancia instalada da fonte\u00a0solar\u00a0fotovoltaica. Desse total, 13 s\u00e3o de pot\u00eancia instalada em telhados, fachadas e pequenos terrenos. O restante corresponde \u00e0s usinas de grande porte.<\/p>\n<p>O n\u00famero \u00e9 considerado hist\u00f3rico pelo setor e, com base neles, a Confedera\u00e7\u00e3o Nacional da Ind\u00fastria (CNI) estima que a capacidade instalada poder\u00e1 dobrar at\u00e9 o in\u00edcio do ano que vem.<\/p>\n<p>O presidente da Absolar, Rodrigo Sauaia, disse\u00a0que os crescentes reajustes nas contas de luz e a redu\u00e7\u00e3o dos custos para instala\u00e7\u00e3o das placas fotovoltaicas explicam o crescimento desse tipo de\u00a0energia\u00a0no pa\u00eds.<\/p>\n<p>A\u00a0energia\u00a0solar\u00a0\u00e9 considerada uma fonte limpa, que n\u00e3o produz res\u00edduo ou polui\u00e7\u00e3o. Segundo a Absolar, essa\u00a0\u00a0energia\u00a0evitou a emiss\u00e3o de quase 28 milh\u00f5es de toneladas de CO2 (di\u00f3xido de carbono) na gera\u00e7\u00e3o de eletricidade.<\/p>\n<p>O custo de instala\u00e7\u00e3o, no entanto, n\u00e3o \u00e9 baixo. Para resid\u00eancias, o pre\u00e7o m\u00e9dio \u00e9 de R$ 25 mil\u00a0e para ind\u00fastrias, de at\u00e9 R$ 200 mil. Sauaia\u00a0afirmou ainda\u00a0que esses valores devem cair. Como a redu\u00e7\u00e3o nas contas mensais \u00e9 alta, o investimento \u00e9 recuperado em poucos anos.<\/p>\n<p>Desde 2012, de acordo com dados da Absolar, a\u00a0energia\u00a0solar\u00a0garantiu R$ 10 bilh\u00f5es\u00a0em novos investimentos no Brasil, al\u00e9m de\u00a0640 mil empregos. A\u00a0arrecada\u00e7\u00e3o aos cofres p\u00fablicos foi de quase R$ 40 bilh\u00f5es.<\/p>\n<p><span style=\"font-weight: 400;\">Fonte: Ag\u00eancia Brasil <\/span><\/p>\n","protected":false},"excerpt":{"rendered":"<p>A m\u00e9dia de economia, quando se utiliza a energia solar em substitui\u00e7\u00e3o \u00e0 el\u00e9trica, chega a at\u00e9 90%. A estimativa\u00a0\u00e9 da Associa\u00e7\u00e3o Brasileira de Energia Solar Fotovoltaica (Absolar). O\u00a0setor, que vem crescendo muito no Brasil, j\u00e1 ocupa o 3\u00ba lugar em gera\u00e7\u00e3o de\u00a0energia, perdendo apenas para e\u00f3lica e el\u00e9trica. O pa\u00eds ultrapassou a marca de [&hellip;]<\/p>\n","protected":false},"author":246,"featured_media":208242,"comment_status":"closed","ping_status":"closed","sticky":false,"template":"","format":"standard","meta":{"footnotes":""},"categories":[436,261,439],"tags":[],"class_list":["post-208241","post","type-post","status-publish","format-standard","has-post-thumbnail","hentry","category-destaque-da-semana","category-economia","category-ultima-hora"],"_links":{"self":[{"href":"https:\/\/diarioregionaldigital.com.br\/index.php?rest_route=\/wp\/v2\/posts\/208241","targetHints":{"allow":["GET"]}}],"collection":[{"href":"https:\/\/diarioregionaldigital.com.br\/index.php?rest_route=\/wp\/v2\/posts"}],"about":[{"href":"https:\/\/diarioregionaldigital.com.br\/index.php?rest_route=\/wp\/v2\/types\/post"}],"author":[{"embeddable":true,"href":"https:\/\/diarioregionaldigital.com.br\/index.php?rest_route=\/wp\/v2\/users\/246"}],"replies":[{"embeddable":true,"href":"https:\/\/diarioregionaldigital.com.br\/index.php?rest_route=%2Fwp%2Fv2%2Fcomments&post=208241"}],"version-history":[{"count":2,"href":"https:\/\/diarioregionaldigital.com.br\/index.php?rest_route=\/wp\/v2\/posts\/208241\/revisions"}],"predecessor-version":[{"id":208244,"href":"https:\/\/diarioregionaldigital.com.br\/index.php?rest_route=\/wp\/v2\/posts\/208241\/revisions\/208244"}],"wp:featuredmedia":[{"embeddable":true,"href":"https:\/\/diarioregionaldigital.com.br\/index.php?rest_route=\/wp\/v2\/media\/208242"}],"wp:attachment":[{"href":"https:\/\/diarioregionaldigital.com.br\/index.php?rest_route=%2Fwp%2Fv2%2Fmedia&parent=208241"}],"wp:term":[{"taxonomy":"category","embeddable":true,"href":"https:\/\/diarioregionaldigital.com.br\/index.php?rest_route=%2Fwp%2Fv2%2Fcategories&post=208241"},{"taxonomy":"post_tag","embeddable":true,"href":"https:\/\/diarioregionaldigital.com.br\/index.php?rest_route=%2Fwp%2Fv2%2Ftags&post=208241"}],"curies":[{"name":"wp","href":"https:\/\/api.w.org\/{rel}","templated":true}]}}