{"id":208238,"date":"2022-12-26T19:30:06","date_gmt":"2022-12-26T22:30:06","guid":{"rendered":"https:\/\/diarioregionaldigital.com.br\/?p=208238"},"modified":"2022-12-26T19:30:06","modified_gmt":"2022-12-26T22:30:06","slug":"fgv-ibre-confianca-do-consumidor-sobe-27-pontos-em-dezembro","status":"publish","type":"post","link":"https:\/\/diarioregionaldigital.com.br\/?p=208238","title":{"rendered":"FGV Ibre: confian\u00e7a do consumidor sobe 2,7 pontos em dezembro"},"content":{"rendered":"<p>O \u00cdndice de Confian\u00e7a do Consumidor (ICC) subiu 2,7 pontos, chegando a 88 pontos, em dezembro. O aumento ocorre depois de dois meses de queda e contribuiu para zerar as perdas acumuladas nos \u00faltimos dois anos. Os dados foram divulgados\u00a0<span id=\"OBJ_PREFIX_DWT371_com_zimbra_date\" role=\"link\"><span id=\"OBJ_PREFIX_DWT382_com_zimbra_date\" role=\"link\">hoje<\/span><\/span>\u00a0(26) pelo Instituto Brasileiro de Economia da Funda\u00e7\u00e3o Getulio Vargas (FGV Ibre).<img decoding=\"async\" src=\"https:\/\/agenciabrasil.ebc.com.br\/ebc.png?id=1499889&amp;o=node\" \/><img decoding=\"async\" src=\"https:\/\/agenciabrasil.ebc.com.br\/ebc.gif?id=1499889&amp;o=node\" \/><\/p>\n<p>De acordo com a coordenadora das Sondagens da institui\u00e7\u00e3o, Viviane Seda Bittencourt, a recupera\u00e7\u00e3o foi puxada pela melhora da perspectiva das fam\u00edlias de baixa renda.<\/p>\n<p>\u201cA melhora da confian\u00e7a reflete um aumento do otimismo em rela\u00e7\u00e3o aos pr\u00f3ximos meses, principalmente das fam\u00edlias de menor poder aquisitivo, que vem se mantendo mais endividadas e sofrendo mais com os efeitos da infla\u00e7\u00e3o e taxa de juros elevada\u201d.<\/p>\n<p>Por outro lado, ela aponta que h\u00e1 piora na expectativa sobre o mercado de trabalho.<\/p>\n<p>\u201cAs avalia\u00e7\u00f5es sobre o momento ainda se mant\u00e9m est\u00e1veis, mas com piora na percep\u00e7\u00e3o sobre o mercado de trabalho, o que gera cautela na inten\u00e7\u00e3o de compras no curto prazo. O ano fecha com um saldo positivo e zera as perdas acumulada nos \u00faltimos dois anos, mas \u00e9 necess\u00e1rio um grande caminho para que a confian\u00e7a volte a superar o n\u00edvel neutro estimulando o consumo.\u201d<\/p>\n<p>Em m\u00e9dias m\u00f3veis trimestrais, a confian\u00e7a do consumidor sofreu queda de 0,3 ponto, para 87,3 pontos, ap\u00f3s registrar alta nos \u00faltimos cinco meses.<\/p>\n<p><strong>Componentes<\/strong><\/p>\n<p>Entre os componentes do ICC, em dezembro o \u00cdndice de Situa\u00e7\u00e3o Atual (ISA) ficou est\u00e1vel, com varia\u00e7\u00e3o de 0,1 ponto, para 70,9 pontos, e o \u00cdndice de Expectativas (IE) subiu 4,3 pontos, para 100,3 pontos, o melhor resultado desde dezembro de 2019.<\/p>\n<p>Na composi\u00e7\u00e3o do ISA, piorou a satisfa\u00e7\u00e3o das fam\u00edlias sobre a situa\u00e7\u00e3o econ\u00f4mica, enquanto as avalia\u00e7\u00f5es sobre as finan\u00e7as pessoais no momento melhoraram. O indicador das percep\u00e7\u00f5es sobre a situa\u00e7\u00e3o financeira das fam\u00edlias subiu 2,7 pontos, para 63,6 pontos. Enquanto o \u00edndice da satisfa\u00e7\u00e3o sobre a situa\u00e7\u00e3o econ\u00f4mica caiu 2,7 pontos, para 78,8 pontos, o pior resultado desde julho de 2021, quando marcou 77,9 pontos.<\/p>\n<p>A principal alta entre os componentes do ICC no m\u00eas foi a situa\u00e7\u00e3o financeira das fam\u00edlias nos pr\u00f3ximos seis meses, com avan\u00e7o de 12,5 pontos, para 105 pontos, alcan\u00e7ando o maior patamar desde fevereiro de 2019, quando o indicador ficou em 105 pontos. De acordo com o FGV Ibre, a alta recupera as perdas sofridas nos \u00faltimos dois meses.<\/p>\n<p>J\u00e1 o indicador do grau de otimismo com a situa\u00e7\u00e3o econ\u00f4mica geral aumentou 4,5 pontos, para 115,1, o que compensa a queda do m\u00eas passado. Por outro lado, a inten\u00e7\u00e3o de compra de bens dur\u00e1veis caiu 4,7 pontos, para 80,8 pontos.<\/p>\n<p>Na an\u00e1lise por faixa de renda, foi compensada parte das perdas dos \u00faltimos dois meses entre os consumidores de menores rendimento, com avalia\u00e7\u00e3o sobre a situa\u00e7\u00e3o financeira das fam\u00edlias com alta ap\u00f3s a forte queda<span id=\"OBJ_PREFIX_DWT372_com_zimbra_date\" role=\"link\">\u00a0de novembro<\/span>. Nas classes de renda mais alta, o \u00edndice se mant\u00e9m em patamar elevado, mas ainda abaixo do n\u00edvel neutro de 100 pontos.<\/p>\n<p><span style=\"font-weight: 400;\"><br \/>\n<\/span><span style=\"font-weight: 400;\">Fonte: Ag\u00eancia Brasil <\/span><\/p>\n","protected":false},"excerpt":{"rendered":"<p>O \u00cdndice de Confian\u00e7a do Consumidor (ICC) subiu 2,7 pontos, chegando a 88 pontos, em dezembro. O aumento ocorre depois de dois meses de queda e contribuiu para zerar as perdas acumuladas nos \u00faltimos dois anos. Os dados foram divulgados\u00a0hoje\u00a0(26) pelo Instituto Brasileiro de Economia da Funda\u00e7\u00e3o Getulio Vargas (FGV Ibre). De acordo com a [&hellip;]<\/p>\n","protected":false},"author":246,"featured_media":208239,"comment_status":"closed","ping_status":"closed","sticky":false,"template":"","format":"standard","meta":{"footnotes":""},"categories":[436,261,439],"tags":[],"class_list":["post-208238","post","type-post","status-publish","format-standard","has-post-thumbnail","hentry","category-destaque-da-semana","category-economia","category-ultima-hora"],"_links":{"self":[{"href":"https:\/\/diarioregionaldigital.com.br\/index.php?rest_route=\/wp\/v2\/posts\/208238","targetHints":{"allow":["GET"]}}],"collection":[{"href":"https:\/\/diarioregionaldigital.com.br\/index.php?rest_route=\/wp\/v2\/posts"}],"about":[{"href":"https:\/\/diarioregionaldigital.com.br\/index.php?rest_route=\/wp\/v2\/types\/post"}],"author":[{"embeddable":true,"href":"https:\/\/diarioregionaldigital.com.br\/index.php?rest_route=\/wp\/v2\/users\/246"}],"replies":[{"embeddable":true,"href":"https:\/\/diarioregionaldigital.com.br\/index.php?rest_route=%2Fwp%2Fv2%2Fcomments&post=208238"}],"version-history":[{"count":1,"href":"https:\/\/diarioregionaldigital.com.br\/index.php?rest_route=\/wp\/v2\/posts\/208238\/revisions"}],"predecessor-version":[{"id":208240,"href":"https:\/\/diarioregionaldigital.com.br\/index.php?rest_route=\/wp\/v2\/posts\/208238\/revisions\/208240"}],"wp:featuredmedia":[{"embeddable":true,"href":"https:\/\/diarioregionaldigital.com.br\/index.php?rest_route=\/wp\/v2\/media\/208239"}],"wp:attachment":[{"href":"https:\/\/diarioregionaldigital.com.br\/index.php?rest_route=%2Fwp%2Fv2%2Fmedia&parent=208238"}],"wp:term":[{"taxonomy":"category","embeddable":true,"href":"https:\/\/diarioregionaldigital.com.br\/index.php?rest_route=%2Fwp%2Fv2%2Fcategories&post=208238"},{"taxonomy":"post_tag","embeddable":true,"href":"https:\/\/diarioregionaldigital.com.br\/index.php?rest_route=%2Fwp%2Fv2%2Ftags&post=208238"}],"curies":[{"name":"wp","href":"https:\/\/api.w.org\/{rel}","templated":true}]}}