{"id":208228,"date":"2022-12-25T06:00:29","date_gmt":"2022-12-25T09:00:29","guid":{"rendered":"https:\/\/diarioregionaldigital.com.br\/?p=208228"},"modified":"2022-12-27T00:13:34","modified_gmt":"2022-12-27T03:13:34","slug":"os-sonhos-de-nelida","status":"publish","type":"post","link":"https:\/\/diarioregionaldigital.com.br\/?p=208228","title":{"rendered":"Os sonhos de N\u00e9lida"},"content":{"rendered":"<p>Foi uma amizade de muitos anos. \u00c9 grande, pois, a dor sentida pela perda da escritora N\u00e9lida Pi\u00f1on, que faleceu em Portugal, aos 85 anos de vida.<\/p>\n<p>Tive o privil\u00e9gio de ser o seu vice-presidente, na ABL, em 1997. Quantas ideias criativas e generosas, na primeira gest\u00e3o de uma mulher \u00e0 frente da Casa de Machado de Assis. Lembro que as bem sucedidas visitas guiadas nasceram da sua imagina\u00e7\u00e3o. E muitas outras prof\u00edcuas iniciativas.<\/p>\n<p>Autora consagrada de \u201cA Rep\u00fablica dos Sonhos\u201d, N\u00e9lida escreveu mais de 20 livros, todos com bela repercuss\u00e3o inclusive internacional. Doou ao seu amado Instituto Cervantes mais de 7 mil livros e documentos. Hoje, enriquece\u00a0 um bel\u00edssimo acervo que fica no bairro de Botafogo.<\/p>\n<p>Ela foi uma intransigente defensora dos direitos humanos, especialmente das mulheres e dos negros. Escreveu sistematicamente sobre isso.<\/p>\n<p>E\u00a0 amou seus cachorrinhos, o primeiro dos quais foi o famoso pinscher Gravetinho Pi\u00f1on e, depois, vieram a pinscher\u00a0 Susy e a chihuahua Pilara Pi\u00f1on, com os quais, inclusive, viajou para diversos pa\u00edses. Sua cultura era um poderoso misto de galego e portugu\u00eas.<\/p>\n<p>Fomos amigos por mais de 30 anos. Ela era formada em jornalismo pela PUC-Rio, com obras espalhadas por cerca de 30 pa\u00edses. Carioca, teve tamb\u00e9m um grande apre\u00e7o pela sua descend\u00eancia espanhola.\u00a0 Costumava se pintar antes de se apresentar e vestir sua melhor roupa. Era um ritual que sempre respeitava, com toda solenidade. Foi uma escritora de v\u00e1rios estilos, comodemonstrou no seu cl\u00e1ssico \u201cVozes do deserto\u201d. Sua paix\u00e3o pela literatura veio desde cedo. E, assim,\u00a0 ganhou o Pr\u00eamio Pr\u00edncipe de Ast\u00farias, al\u00e9m de dois Pr\u00eamios Jabuti.<\/p>\n<p>Pode-se registrar na sua rica biografia uma amizade relevante com famosos\u00a0 escritores como Gabriel Garcia Marques e M\u00e1rio Vargas Llosa, com os quais costumava sempre se corresponder. Dizia que \u201cos livros nasceram pra viajar\u201d. E ela ia com eles, espalhando suas ideias pelo mundo.<\/p>\n<p>A\u00a0 perda de N\u00e9lida Pi\u00f1on n\u00e3o \u00e9 sentida apenas pela ABL, mas pelo pa\u00eds de um modo geral, pois ela foi uma figura muito querida. Sempre demonstrou solidariedade com os que sofrem, especialmente em nosso pa\u00eds.<\/p>\n","protected":false},"excerpt":{"rendered":"<p>Foi uma amizade de muitos anos. \u00c9 grande, pois, a dor sentida pela perda da escritora N\u00e9lida Pi\u00f1on, que faleceu em Portugal, aos 85 anos de vida. Tive o privil\u00e9gio de ser o seu vice-presidente, na ABL, em 1997. Quantas ideias criativas e generosas, na primeira gest\u00e3o de uma mulher \u00e0 frente da Casa de [&hellip;]<\/p>\n","protected":false},"author":96,"featured_media":0,"comment_status":"closed","ping_status":"closed","sticky":false,"template":"","format":"standard","meta":{"footnotes":""},"categories":[275],"tags":[],"class_list":["post-208228","post","type-post","status-publish","format-standard","hentry","category-arnaldo-niskier"],"_links":{"self":[{"href":"https:\/\/diarioregionaldigital.com.br\/index.php?rest_route=\/wp\/v2\/posts\/208228","targetHints":{"allow":["GET"]}}],"collection":[{"href":"https:\/\/diarioregionaldigital.com.br\/index.php?rest_route=\/wp\/v2\/posts"}],"about":[{"href":"https:\/\/diarioregionaldigital.com.br\/index.php?rest_route=\/wp\/v2\/types\/post"}],"author":[{"embeddable":true,"href":"https:\/\/diarioregionaldigital.com.br\/index.php?rest_route=\/wp\/v2\/users\/96"}],"replies":[{"embeddable":true,"href":"https:\/\/diarioregionaldigital.com.br\/index.php?rest_route=%2Fwp%2Fv2%2Fcomments&post=208228"}],"version-history":[{"count":3,"href":"https:\/\/diarioregionaldigital.com.br\/index.php?rest_route=\/wp\/v2\/posts\/208228\/revisions"}],"predecessor-version":[{"id":208287,"href":"https:\/\/diarioregionaldigital.com.br\/index.php?rest_route=\/wp\/v2\/posts\/208228\/revisions\/208287"}],"wp:attachment":[{"href":"https:\/\/diarioregionaldigital.com.br\/index.php?rest_route=%2Fwp%2Fv2%2Fmedia&parent=208228"}],"wp:term":[{"taxonomy":"category","embeddable":true,"href":"https:\/\/diarioregionaldigital.com.br\/index.php?rest_route=%2Fwp%2Fv2%2Fcategories&post=208228"},{"taxonomy":"post_tag","embeddable":true,"href":"https:\/\/diarioregionaldigital.com.br\/index.php?rest_route=%2Fwp%2Fv2%2Ftags&post=208228"}],"curies":[{"name":"wp","href":"https:\/\/api.w.org\/{rel}","templated":true}]}}