{"id":208222,"date":"2022-12-23T19:27:41","date_gmt":"2022-12-23T22:27:41","guid":{"rendered":"https:\/\/diarioregionaldigital.com.br\/?p=208222"},"modified":"2022-12-23T19:27:41","modified_gmt":"2022-12-23T22:27:41","slug":"programa-boniteza-realiza-131-intervencoes-nesta-sexta-23","status":"publish","type":"post","link":"https:\/\/diarioregionaldigital.com.br\/?p=208222","title":{"rendered":"Programa Boniteza realiza 131 interven\u00e7\u00f5es nesta sexta, 23"},"content":{"rendered":"<p>Segundo informa\u00e7\u00f5es do site da Prefeitura de Juiz de Fora (PJF), o Programa Boniteza da Prefeitura de Juiz de Fora (PJF) opera em 131 interven\u00e7\u00f5es nesta sexta-feira, 23.<\/p>\n<p>&nbsp;<\/p>\n<p><strong>Obras<\/strong><\/p>\n<p>&nbsp;<\/p>\n<p>Os Departamentos de Opera\u00e7\u00e3o e Manuten\u00e7\u00e3o em Obras (Domo) e de Estradas Vicinais da Secretaria de Obras t\u00eam previstas 28 a\u00e7\u00f5es.<\/p>\n<p>&nbsp;<\/p>\n<p><strong>Interven\u00e7\u00f5es em continuidade:<\/strong><\/p>\n<p>&#8211;\u00a0Coloca\u00e7\u00e3o de grade de concreto em canaletas &#8211; Rua S\u00e3o Jo\u00e3o &#8211; Centro<\/p>\n<p>&#8211; Limpeza de boca de lobo &#8211; Avenida Senhor dos Passos &#8211; S\u00e3o Pedro<\/p>\n<p>&#8211; Constru\u00e7\u00e3o de boca de lobo &#8211; Distrito<\/p>\n<p>&#8211; Enroncamento na cabeceira da ponte &#8211; Avenida Francisco Valadares &#8211; Vila Ideal<\/p>\n<p>&#8211; Lan\u00e7amento de material granulado em pontos cr\u00edticos &#8211; Estrada ligando Jacutinga a Pirapetinga<\/p>\n<p>&#8211; Patrolamento &#8211; Estrada Raymundo Hargreaves &#8211; Francisco Bernardino<\/p>\n<p>&#8211; Servi\u00e7o de base &#8211; Avenida Ant\u00f4nio Sim\u00e3o Firjan &#8211; Distrito<\/p>\n<p>&#8211; Limpeza de Valas &#8211; Comunidade do caet\u00e9<\/p>\n<p>&#8211; Lan\u00e7amento de material granulado em pontos cr\u00edticos &#8211; Estrada do Tingua<\/p>\n<p>&#8211; Patrolamento &#8211; Estrada do Tingua<\/p>\n<p>&#8211; Lan\u00e7amento de material granulado em pontos cr\u00edticos &#8211; Estrada morro do carrapato<\/p>\n<p>&#8211; Patrolamento &#8211; Estrada Boa Vista<\/p>\n<p>&#8211; Patrolamento &#8211; Estrada da Lagoa<\/p>\n<p>&#8211; Obra de cal\u00e7amento &#8211; Comunidade de Penido &#8211; Penido<\/p>\n<p>&#8211; Patrolamento &#8211; Toledos<\/p>\n<p>&nbsp;<\/p>\n<p><strong>Novas interven\u00e7\u00f5es:<\/strong><\/p>\n<p>&#8211; Corre\u00e7\u00e3o de eros\u00e3o &#8211; Rua Bar\u00e3o de S\u00e3o Marcelino &#8211; S\u00e3o Mateus<\/p>\n<p>&#8211; Corre\u00e7\u00e3o de eros\u00e3o &#8211; Rua Santo Ant\u00f4nio &#8211; Centro<\/p>\n<p>&#8211; Corre\u00e7\u00e3o de eros\u00e3o &#8211; Rua Alan Kardec &#8211; Jk<\/p>\n<p>&#8211; Coloca\u00e7\u00e3o de tampa em boca de lobo &#8211; Rua \u00c1gua Limpa &#8211; Santa Luzia<\/p>\n<p>&#8211; Limpeza e desobstru\u00e7\u00e3o de rede de drenagem &#8211; Rua Porto das Flores &#8211; Santa Luzia<\/p>\n<p>&#8211; Limpeza e desobstru\u00e7\u00e3o de rede de drenagem &#8211; Rua \u00c1gua Limpa &#8211; Santa Luzia<\/p>\n<p>&#8211; Restaura\u00e7\u00e3o de boca de lobo &#8211; Avenida Juiz de Fora &#8211; Granjas Bet\u00e2nia<\/p>\n<p>&#8211; Reforma de leira &#8211; Rua Bertoldo Braz de Oliveira &#8211; Jardim Natal<\/p>\n<p>&#8211; Limpeza de Valas &#8211; Estrada Principal de Pires &#8211; Monte Verde<\/p>\n<p>&#8211; Tapa buraco &#8211; Estrada Principal de Pires &#8211; Monte Verde<\/p>\n<p>&#8211; Lan\u00e7amento de material granulado &#8211; Estrada Principal de Pires &#8211; Monte Verde<\/p>\n<p>&#8211; Encabe\u00e7amento de manilhas &#8211; Francisco Bernardino<\/p>\n<p>&#8211; Lan\u00e7amento de material\u00a0 granulado &#8211; Comunidade do Caet\u00e9<\/p>\n<p>&nbsp;<\/p>\n<p><strong>Ilumina\u00e7\u00e3o P\u00fablica<\/strong><\/p>\n<p>&nbsp;<\/p>\n<p>O departamento de Ilumina\u00e7\u00e3o P\u00fablica da PJF d\u00e1 continuidade \u00e0s a\u00e7\u00f5es com a previs\u00e3o de trocas de 103 l\u00e2mpadas em todas as regi\u00f5es.<\/p>\n<p><strong>Linhares<\/strong><\/p>\n<p>Rua Do Boto<\/p>\n<p>Rua E<\/p>\n<p>Rua Boa Esperanca<\/p>\n<p>Rua Celina Bracher<\/p>\n<p>Rua Diva Garcia<\/p>\n<p><strong>Vale Do Amanhecer<\/strong><\/p>\n<p>Rua Verde Vale<\/p>\n<p><strong>Bandeirantes<\/strong><\/p>\n<p>Rua Paracatu<\/p>\n<p>Rua Sophia Raphael Zacarias<\/p>\n<p>Rua Monte L\u00edbano<\/p>\n<p><strong>Milho Branco<\/strong><\/p>\n<p>Rua Rosa<\/p>\n<p>Extens\u00e3o Da Rua Ipanema<\/p>\n<p>Rua Ipanema<\/p>\n<p>Rua Venina De Souza Rodrigues<\/p>\n<p>Rua Danielle Lamarca Pereira<\/p>\n<p>Rua Ottoni De Campos Alvim<\/p>\n<p><strong>Fontesville<\/strong><\/p>\n<p>Rua Vereador Raymundo Hargreaves<\/p>\n<p><strong>Monte Verde<\/strong><\/p>\n<p>Rua Vit\u00f3ria<\/p>\n<p>Mg353 loteamento Goiabal<\/p>\n<p><strong>Mascate<\/strong><\/p>\n<p>Rua A<\/p>\n<p><strong>Nossa Senhora De Lourdes<\/strong><\/p>\n<p>Rua Florentina Garcia<\/p>\n<p>Rua Nossa Senhora De Lourdes<\/p>\n<p>Rua Henrique De Novais<\/p>\n<p>Rua Professor Luiz Viana<\/p>\n<p>Rua Engenheiro Jose Maia<\/p>\n<p>Rua Domingos Del Duca<\/p>\n<p><strong>Santa Efig\u00eania<\/strong><\/p>\n<p>Rua Marciano Pinto<\/p>\n<p>Rua Lic\u00ednio Pereira Cortez<\/p>\n<p><strong>Democrata<\/strong><\/p>\n<p>Rua Professora Violeta Santos<\/p>\n<p>Rua Vi\u00e7osa<\/p>\n<p>Rua Rafael Zacarias<\/p>\n<p><strong>Parque Guarua<\/strong><\/p>\n<p>Rua Itapo\u00e3<\/p>\n<p><strong>Bom Jardim<\/strong><\/p>\n<p>Rua Henrique Miranda S\u00e1<\/p>\n<p><strong>Vitorino Braga<\/strong><\/p>\n<p>Pra\u00e7a Senador Teot\u00f4nio Vilela<\/p>\n<p><strong>Eldorado<\/strong><\/p>\n<p>Rua Archanjo Campos De Miranda<\/p>\n<p><strong>Granjas Bet\u00e2nia<\/strong><\/p>\n<p>Rua Otac\u00edlio Esteves Da Silva<\/p>\n<p>Rua Sao Cristovao<\/p>\n<p><strong>Parque Guarani<\/strong><\/p>\n<p>Rua Shofia Rafael Zacarias<\/p>\n<p><strong>Dias Tavares<\/strong><\/p>\n<p>Rua Ant\u00f4nio Vieira Tavares<\/p>\n<p>Rua Joaquim Murtinho<\/p>\n<p><strong>Carlos Chagas<\/strong><\/p>\n<p>Travessa Eunice Weaver<\/p>\n<p>Rua Doutor Alvino De Paula<\/p>\n<p>Rua Jos\u00e9 De Almeida Portes<\/p>\n<p><strong>J\u00f3quei Clube I<\/strong><\/p>\n<p>Rua Doardino Longo<\/p>\n<p>Rua Ambrosina Nunes Lima<\/p>\n<p><strong>Amaz\u00f4nia<\/strong><\/p>\n<p>Rua Carna\u00faba<\/p>\n<p><strong>Serra D&#8217;agua<\/strong><\/p>\n<p>Alameda 33<\/p>\n<p>Alameda 31<\/p>\n<p><strong>Santos Dumont<\/strong><\/p>\n<p>Rua Leny Lessa Carelle<\/p>\n<p>Rua Izolino Goncalves Coelho<\/p>\n<p><strong>S\u00e3o Pedro<\/strong><\/p>\n<p>Rua Jos\u00e9 Thom\u00e9 De Souza<\/p>\n<p>Rua Dimas Bergo Xisto<\/p>\n<p>Rua Olga Goliath Munck<\/p>\n<p><strong>Aeroporto<\/strong><\/p>\n<p>Rua Jos\u00e9 Loures Valle<\/p>\n<p><strong>Maril\u00e2ndia<\/strong><\/p>\n<p>Rua Ac\u00e1cio Alves Alvim<\/p>\n<p>Rua Esmeraldas<\/p>\n<p><strong>Alto Santo Ant\u00f4nio<\/strong><\/p>\n<p>Rua Dos Vencedores<\/p>\n<p><strong>Jardim Esperanca<\/strong><\/p>\n<p>Rua Padre Jo\u00e3o Michelotto<\/p>\n<p><strong>Aracy<\/strong><\/p>\n<p>Rua Doutor Luiz Augusto Nagem Assad<\/p>\n<p><strong>Parque Atlanta<\/strong><\/p>\n<p>Rua Alzira De Jesus<\/p>\n<p><strong>Santo Ant\u00f4nio<\/strong><\/p>\n<p>Rua Porto Seguro<\/p>\n<p>Rua Jos\u00e9 Arag\u00e3o Prado<\/p>\n<p>&nbsp;<\/p>\n<p><strong>Gabinete de A\u00e7\u00e3o e Di\u00e1logo Comunit\u00e1rio<\/strong><\/p>\n<p>As a\u00e7\u00f5es da Secretaria de Obras s\u00e3o realizadas atrav\u00e9s do Gabinete de A\u00e7\u00e3o e Di\u00e1logo Comunit\u00e1rio, que recebe demandas de melhorias urbanas pelo n\u00famero (32) 3690-7241, por liga\u00e7\u00e3o ou WhatsApp.<\/p>\n<p>No\u00a0<a href=\"https:\/\/www.pjf.mg.gov.br\/gabinetecomunitario\/\"><strong>site do gabinete<\/strong><\/a>, est\u00e3o dispon\u00edveis informa\u00e7\u00f5es atualizadas\u00a0 diariamente sobre os servi\u00e7os realizados pelas secretarias de Obras (SO); de Sustentabilidade em Meio Ambiente e Atividades Urbanas (Sesmaur); de Mobilidade Urbana (SMU); e pela\u00a0 Empresa Municipal de Pavimenta\u00e7\u00e3o e Urbaniza\u00e7\u00e3o (Empav); Departamento Municipal de Limpeza Urbana (Demlurb); e Companhia de Saneamento Municipal (Cesama).<\/p>\n<p>&nbsp;<\/p>\n<p>&nbsp;<\/p>\n","protected":false},"excerpt":{"rendered":"<p>Segundo informa\u00e7\u00f5es do site da Prefeitura de Juiz de Fora (PJF), o Programa Boniteza da Prefeitura de Juiz de Fora (PJF) opera em 131 interven\u00e7\u00f5es nesta sexta-feira, 23. &nbsp; Obras &nbsp; Os Departamentos de Opera\u00e7\u00e3o e Manuten\u00e7\u00e3o em Obras (Domo) e de Estradas Vicinais da Secretaria de Obras t\u00eam previstas 28 a\u00e7\u00f5es. &nbsp; Interven\u00e7\u00f5es em [&hellip;]<\/p>\n","protected":false},"author":246,"featured_media":208223,"comment_status":"closed","ping_status":"closed","sticky":false,"template":"","format":"standard","meta":{"footnotes":""},"categories":[253,436,439],"tags":[],"class_list":["post-208222","post","type-post","status-publish","format-standard","has-post-thumbnail","hentry","category-cidade","category-destaque-da-semana","category-ultima-hora"],"_links":{"self":[{"href":"https:\/\/diarioregionaldigital.com.br\/index.php?rest_route=\/wp\/v2\/posts\/208222","targetHints":{"allow":["GET"]}}],"collection":[{"href":"https:\/\/diarioregionaldigital.com.br\/index.php?rest_route=\/wp\/v2\/posts"}],"about":[{"href":"https:\/\/diarioregionaldigital.com.br\/index.php?rest_route=\/wp\/v2\/types\/post"}],"author":[{"embeddable":true,"href":"https:\/\/diarioregionaldigital.com.br\/index.php?rest_route=\/wp\/v2\/users\/246"}],"replies":[{"embeddable":true,"href":"https:\/\/diarioregionaldigital.com.br\/index.php?rest_route=%2Fwp%2Fv2%2Fcomments&post=208222"}],"version-history":[{"count":1,"href":"https:\/\/diarioregionaldigital.com.br\/index.php?rest_route=\/wp\/v2\/posts\/208222\/revisions"}],"predecessor-version":[{"id":208224,"href":"https:\/\/diarioregionaldigital.com.br\/index.php?rest_route=\/wp\/v2\/posts\/208222\/revisions\/208224"}],"wp:featuredmedia":[{"embeddable":true,"href":"https:\/\/diarioregionaldigital.com.br\/index.php?rest_route=\/wp\/v2\/media\/208223"}],"wp:attachment":[{"href":"https:\/\/diarioregionaldigital.com.br\/index.php?rest_route=%2Fwp%2Fv2%2Fmedia&parent=208222"}],"wp:term":[{"taxonomy":"category","embeddable":true,"href":"https:\/\/diarioregionaldigital.com.br\/index.php?rest_route=%2Fwp%2Fv2%2Fcategories&post=208222"},{"taxonomy":"post_tag","embeddable":true,"href":"https:\/\/diarioregionaldigital.com.br\/index.php?rest_route=%2Fwp%2Fv2%2Ftags&post=208222"}],"curies":[{"name":"wp","href":"https:\/\/api.w.org\/{rel}","templated":true}]}}