{"id":208219,"date":"2022-12-23T19:26:05","date_gmt":"2022-12-23T22:26:05","guid":{"rendered":"https:\/\/diarioregionaldigital.com.br\/?p=208219"},"modified":"2022-12-23T19:26:05","modified_gmt":"2022-12-23T22:26:05","slug":"alunos-da-e-m-fernao-dias-paes-realizam-projeto-de-doacao-de-brinquedos","status":"publish","type":"post","link":"https:\/\/diarioregionaldigital.com.br\/?p=208219","title":{"rendered":"Alunos da E. M. Fern\u00e3o Dias Paes realizam projeto de doa\u00e7\u00e3o de brinquedos"},"content":{"rendered":"<p>Segundo informa\u00e7\u00f5es do site da Prefeitura de Juiz de Fora (PJF), os alunos da Escola Municipal Fern\u00e3o Dias Paes, localizada no bairro Bandeirantes, realizaram, no dia 15 de dezembro, o projeto\u00a0&#8220;\u00c9 ajudando outros que nos transformamos em pessoas melhores, que fazemos a diferen\u00e7a&#8221;, que visava \u00e0 doa\u00e7\u00e3o de brinquedos. A proposta veio de uma atividade presente no livro de matem\u00e1tica, que tratava do tema doa\u00e7\u00e3o, e serviu de ideia para a professora Alessandra Paix\u00e3o realizar o projeto com os alunos.<\/p>\n<p>O objetivo da a\u00e7\u00e3o \u00e9 despertar mudan\u00e7as de atitudes, reconhecer que as dores s\u00e3o vividas e sentidas por todos, reconhecer a import\u00e2ncia dos amigos, adotar atitudes de empatia, solidariedade, entre outras, e entender que n\u00e3o \u00e9 preciso uma data especial para se fazer algo de bom para algu\u00e9m.\u00a0Participaram do projeto os alunos do 3\u00b0 ano do Ensino Fundamental.<\/p>\n<p>O local escolhido para realiza\u00e7\u00e3o das doa\u00e7\u00f5es dos brinquedos foi a Creche Virginia Favero Nocelli. O projeto teve como foco pedag\u00f3gico assegurar conte\u00fados e oferecer op\u00e7\u00f5es de discuss\u00f5es altamente qualificadas, que ajudam os estudantes a compreender que o que n\u00e3o nos serve mais pode ser doado ao pr\u00f3ximo, pois h\u00e1 mais felicidade em dar do que em receber.<\/p>\n<p>Segundo a Professora Alessandra Paix\u00e3o: \u201cEm meio a um ambiente com tantas diferen\u00e7as e que est\u00e1 ficando cada vez mais violento, hostilizado e desvalorizado, que a escola possa contribuir para desenvolver nos estudantes intelig\u00eancias interpessoais, intrapessoais e essenciais na forma\u00e7\u00e3o de cidad\u00e3os conscientes, refletindo sobre valores, \u00e9tica e cidadania, incentivando a cultura da paz\u201d.<\/p>\n","protected":false},"excerpt":{"rendered":"<p>Segundo informa\u00e7\u00f5es do site da Prefeitura de Juiz de Fora (PJF), os alunos da Escola Municipal Fern\u00e3o Dias Paes, localizada no bairro Bandeirantes, realizaram, no dia 15 de dezembro, o projeto\u00a0&#8220;\u00c9 ajudando outros que nos transformamos em pessoas melhores, que fazemos a diferen\u00e7a&#8221;, que visava \u00e0 doa\u00e7\u00e3o de brinquedos. A proposta veio de uma atividade [&hellip;]<\/p>\n","protected":false},"author":246,"featured_media":208220,"comment_status":"closed","ping_status":"closed","sticky":false,"template":"","format":"standard","meta":{"footnotes":""},"categories":[253,436,439],"tags":[],"class_list":["post-208219","post","type-post","status-publish","format-standard","has-post-thumbnail","hentry","category-cidade","category-destaque-da-semana","category-ultima-hora"],"_links":{"self":[{"href":"https:\/\/diarioregionaldigital.com.br\/index.php?rest_route=\/wp\/v2\/posts\/208219","targetHints":{"allow":["GET"]}}],"collection":[{"href":"https:\/\/diarioregionaldigital.com.br\/index.php?rest_route=\/wp\/v2\/posts"}],"about":[{"href":"https:\/\/diarioregionaldigital.com.br\/index.php?rest_route=\/wp\/v2\/types\/post"}],"author":[{"embeddable":true,"href":"https:\/\/diarioregionaldigital.com.br\/index.php?rest_route=\/wp\/v2\/users\/246"}],"replies":[{"embeddable":true,"href":"https:\/\/diarioregionaldigital.com.br\/index.php?rest_route=%2Fwp%2Fv2%2Fcomments&post=208219"}],"version-history":[{"count":1,"href":"https:\/\/diarioregionaldigital.com.br\/index.php?rest_route=\/wp\/v2\/posts\/208219\/revisions"}],"predecessor-version":[{"id":208221,"href":"https:\/\/diarioregionaldigital.com.br\/index.php?rest_route=\/wp\/v2\/posts\/208219\/revisions\/208221"}],"wp:featuredmedia":[{"embeddable":true,"href":"https:\/\/diarioregionaldigital.com.br\/index.php?rest_route=\/wp\/v2\/media\/208220"}],"wp:attachment":[{"href":"https:\/\/diarioregionaldigital.com.br\/index.php?rest_route=%2Fwp%2Fv2%2Fmedia&parent=208219"}],"wp:term":[{"taxonomy":"category","embeddable":true,"href":"https:\/\/diarioregionaldigital.com.br\/index.php?rest_route=%2Fwp%2Fv2%2Fcategories&post=208219"},{"taxonomy":"post_tag","embeddable":true,"href":"https:\/\/diarioregionaldigital.com.br\/index.php?rest_route=%2Fwp%2Fv2%2Ftags&post=208219"}],"curies":[{"name":"wp","href":"https:\/\/api.w.org\/{rel}","templated":true}]}}