{"id":208212,"date":"2022-12-23T19:22:10","date_gmt":"2022-12-23T22:22:10","guid":{"rendered":"https:\/\/diarioregionaldigital.com.br\/?p=208212"},"modified":"2022-12-23T19:30:08","modified_gmt":"2022-12-23T22:30:08","slug":"prefeitura-promove-cafe-pop-para-a-populacao-em-situacao-de-rua-e-agentes-ambientais","status":"publish","type":"post","link":"https:\/\/diarioregionaldigital.com.br\/?p=208212","title":{"rendered":"Prefeitura promove Caf\u00e9 Pop para a popula\u00e7\u00e3o em situa\u00e7\u00e3o de rua e agentes ambientais"},"content":{"rendered":"<p>Segundo informa\u00e7\u00f5es do site da Prefeitura de Juiz de Fora (PJF), a\u00a0 PJF promoveu pelo segundo ano consecutivo o Caf\u00e9 Pop Rua &#8211; Especial de Natal. A confraterniza\u00e7\u00e3o com pessoas em situa\u00e7\u00e3o de rua e agentes ambientais ocorreu no in\u00edcio da manh\u00e3 desta sexta-feira, 23, no p\u00e1tio da sede da PJF, localizada na Av. Brasil, 2001.<\/p>\n<p>A prefeita Margarida Salom\u00e3o enfatizou que os agentes ambientais, popularmente chamados de catadores de materiais recicl\u00e1veis, nos ajudam a manter a cidade limpa e saud\u00e1vel, e esse encontro da Prefeitura e servidores com essa parcela da popula\u00e7\u00e3o \u00e9 uma forma de reconhecimento pelo trabalho desenvolvido pelo munic\u00edpio. \u201cEstamos festejando o natal de todos e todas, esse \u00e9 o momento de agradecermos pela parceria durante todo o ano\u201d.<\/p>\n<p>Secret\u00e1rias e secret\u00e1rios municipais, al\u00e9m de servidores dos equipamentos socioassistenciais, serviram a primeira refei\u00e7\u00e3o do dia em mais uma a\u00e7\u00e3o para refor\u00e7ar a atua\u00e7\u00e3o da Prefeitura na assist\u00eancia e garantia de direitos dessa parcela da popula\u00e7\u00e3o.<\/p>\n<p>Foram servidos 300 p\u00e3es de queijo, 300 bolinhos de chuva, 150 p\u00e3es com presunto e mussarela, 20 litros de leite, 20 litros de caf\u00e9, 20 litros de nescau, 150 mini rosquinhas de laranja, 3 tabuleiros grandes de bolo com cobertura e frutas diversas.<\/p>\n<p>De acordo com o secret\u00e1rio Especial de Direitos Humanos (SEDH), Biel Rocha, o caf\u00e9 da manh\u00e3 foi um momento de celebra\u00e7\u00e3o das a\u00e7\u00f5es realizadas durante o ano. \u201cEm 2022, a Prefeitura construiu pol\u00edticas efetivas para a popula\u00e7\u00e3o em situa\u00e7\u00e3o de rua. Ainda h\u00e1 muito a avan\u00e7ar, mas passos importantes j\u00e1 foram tomados como a constitui\u00e7\u00e3o do Comit\u00ea Pop Rua e a constru\u00e7\u00e3o do Plano Municipal de Pol\u00edticas e Promo\u00e7\u00e3o dos Direitos da Pessoa em Situa\u00e7\u00e3o de Rua que est\u00e1 prestes a ser votado pela C\u00e2mara Municipal,\u201d enfatizou.<\/p>\n<p>A iniciativa contou com o apoio da Associa\u00e7\u00e3o de Apoio a Crian\u00e7as e Idosos (AACI), da entidade Semeando Amor e do \u201cUnidos do Pop\u201d \u2013 grupo de samba formado por usu\u00e1rios do Centro Pop que\u00a0 se apresentaram no evento. Quem participou do Caf\u00e9 Pop Rua tamb\u00e9m conferiu a exposi\u00e7\u00e3o \u201cPequenos Momentos Compartilhados\u201d, com fotos dos acolhidos.<\/p>\n<p>&nbsp;<\/p>\n<p><strong>Foto:\u00a0<\/strong>Carlos Mendon\u00e7a<\/p>\n<div><\/div>\n","protected":false},"excerpt":{"rendered":"<p>Segundo informa\u00e7\u00f5es do site da Prefeitura de Juiz de Fora (PJF), a\u00a0 PJF promoveu pelo segundo ano consecutivo o Caf\u00e9 Pop Rua &#8211; Especial de Natal. A confraterniza\u00e7\u00e3o com pessoas em situa\u00e7\u00e3o de rua e agentes ambientais ocorreu no in\u00edcio da manh\u00e3 desta sexta-feira, 23, no p\u00e1tio da sede da PJF, localizada na Av. Brasil, [&hellip;]<\/p>\n","protected":false},"author":246,"featured_media":208213,"comment_status":"closed","ping_status":"closed","sticky":false,"template":"","format":"standard","meta":{"footnotes":""},"categories":[253,436,440,439],"tags":[],"class_list":["post-208212","post","type-post","status-publish","format-standard","has-post-thumbnail","hentry","category-cidade","category-destaque-da-semana","category-destaques-do-dia","category-ultima-hora"],"_links":{"self":[{"href":"https:\/\/diarioregionaldigital.com.br\/index.php?rest_route=\/wp\/v2\/posts\/208212","targetHints":{"allow":["GET"]}}],"collection":[{"href":"https:\/\/diarioregionaldigital.com.br\/index.php?rest_route=\/wp\/v2\/posts"}],"about":[{"href":"https:\/\/diarioregionaldigital.com.br\/index.php?rest_route=\/wp\/v2\/types\/post"}],"author":[{"embeddable":true,"href":"https:\/\/diarioregionaldigital.com.br\/index.php?rest_route=\/wp\/v2\/users\/246"}],"replies":[{"embeddable":true,"href":"https:\/\/diarioregionaldigital.com.br\/index.php?rest_route=%2Fwp%2Fv2%2Fcomments&post=208212"}],"version-history":[{"count":1,"href":"https:\/\/diarioregionaldigital.com.br\/index.php?rest_route=\/wp\/v2\/posts\/208212\/revisions"}],"predecessor-version":[{"id":208214,"href":"https:\/\/diarioregionaldigital.com.br\/index.php?rest_route=\/wp\/v2\/posts\/208212\/revisions\/208214"}],"wp:featuredmedia":[{"embeddable":true,"href":"https:\/\/diarioregionaldigital.com.br\/index.php?rest_route=\/wp\/v2\/media\/208213"}],"wp:attachment":[{"href":"https:\/\/diarioregionaldigital.com.br\/index.php?rest_route=%2Fwp%2Fv2%2Fmedia&parent=208212"}],"wp:term":[{"taxonomy":"category","embeddable":true,"href":"https:\/\/diarioregionaldigital.com.br\/index.php?rest_route=%2Fwp%2Fv2%2Fcategories&post=208212"},{"taxonomy":"post_tag","embeddable":true,"href":"https:\/\/diarioregionaldigital.com.br\/index.php?rest_route=%2Fwp%2Fv2%2Ftags&post=208212"}],"curies":[{"name":"wp","href":"https:\/\/api.w.org\/{rel}","templated":true}]}}