{"id":208202,"date":"2022-12-23T19:14:00","date_gmt":"2022-12-23T22:14:00","guid":{"rendered":"https:\/\/diarioregionaldigital.com.br\/?p=208202"},"modified":"2022-12-23T19:14:00","modified_gmt":"2022-12-23T22:14:00","slug":"campea-mundial-argentina-e-vice-no-ranking-da-fifa-atras-do-brasil","status":"publish","type":"post","link":"https:\/\/diarioregionaldigital.com.br\/?p=208202","title":{"rendered":"Campe\u00e3 mundial, Argentina \u00e9 vice no ranking da Fifa, atr\u00e1s do Brasil"},"content":{"rendered":"<p>A Fifa atualizou nesta quinta-feira (22) o\u00a0<a href=\"https:\/\/www.fifa.com\/fifa-world-ranking\/men\/news\/article-greater-than-fifa-mens-ranking-december-2022-221222-ar-1\">ranking mundial de sele\u00e7\u00f5es masculinas de futebol<\/a>\u00a0e para surpresa de muitos, a atual campe\u00e3 mundial Argentina aparece na vice-lideran\u00e7a,\u00a0e a Fran\u00e7a na\u00a0terceira posi\u00e7\u00e3o da lista. Apesar da elimina\u00e7\u00e3o nas quartas de final da Copa do Catar, o Brasil segue no topo do ranking. De acordo com a entidade, o escrete canarinho manteve o primeiro lugar da listagem devido ao\u00a0total de pontos atribu\u00eddo \u00e0s vit\u00f3rias ap\u00f3s o tempo regulamentar \u2013 a conquista do tri mundial pelos hermanos se deu nos p\u00eanaltis, ap\u00f3s o tempo regulamentar.<img decoding=\"async\" src=\"https:\/\/agenciabrasil.ebc.com.br\/ebc.png?id=1499608&amp;o=node\" \/><img decoding=\"async\" src=\"https:\/\/agenciabrasil.ebc.com.br\/ebc.gif?id=1499608&amp;o=node\" \/><\/p>\n<blockquote><p><strong>\u201c<\/strong><em>A Sele\u00e7\u00e3o<\/em>\u00a0mant\u00e9m uma estreita vantagem sobre\u00a0<em>a Albiceleste<\/em>\u00a0<u>,<\/u>\u00a0que teria saltado \u00e0 frente de seus vizinhos e rivais se tivesse vencido a Fran\u00e7a na final da Copa do Mundo do \u00faltimo domingo (18), no tempo normal ou na prorroga\u00e7\u00e3o\u201d, explicou a Fifa em comunicado no site oficial.<\/p><\/blockquote>\n<p>Ao contr\u00e1rio de Argentina e Fran\u00e7a, que se aproximaram do l\u00edder\u00a0Brasil,\u00a0a B\u00e9lgica caiu duas posi\u00e7\u00f5es: ocupa agora o quarto lugar, seguida da Inglaterra que se manteve em quinto.<\/p>\n<p>As sele\u00e7\u00f5es croata e marroquina\u00a0t\u00eam muito o que comemorar com a nova atualiza\u00e7\u00e3o do ranking: a equipe europeia ascendeu cinco posi\u00e7\u00f5es e agora \u00e9 a s\u00e9tima colocada. O Le\u00e3o do Atlas foi al\u00e9m: subiu 11 e passou a ocupar o 11\u00ba lugar na listagem.<\/p>\n<p>O pr\u00f3ximo ranking da Fifa sair\u00e1 em abril de 2023.<\/p>\n<p><span style=\"font-weight: 400;\">Fonte: Ag\u00eancia Brasil <\/span><\/p>\n","protected":false},"excerpt":{"rendered":"<p>A Fifa atualizou nesta quinta-feira (22) o\u00a0ranking mundial de sele\u00e7\u00f5es masculinas de futebol\u00a0e para surpresa de muitos, a atual campe\u00e3 mundial Argentina aparece na vice-lideran\u00e7a,\u00a0e a Fran\u00e7a na\u00a0terceira posi\u00e7\u00e3o da lista. Apesar da elimina\u00e7\u00e3o nas quartas de final da Copa do Catar, o Brasil segue no topo do ranking. De acordo com a entidade, o [&hellip;]<\/p>\n","protected":false},"author":246,"featured_media":208203,"comment_status":"closed","ping_status":"closed","sticky":false,"template":"","format":"standard","meta":{"footnotes":""},"categories":[436,257,439],"tags":[],"class_list":["post-208202","post","type-post","status-publish","format-standard","has-post-thumbnail","hentry","category-destaque-da-semana","category-esporte","category-ultima-hora"],"_links":{"self":[{"href":"https:\/\/diarioregionaldigital.com.br\/index.php?rest_route=\/wp\/v2\/posts\/208202","targetHints":{"allow":["GET"]}}],"collection":[{"href":"https:\/\/diarioregionaldigital.com.br\/index.php?rest_route=\/wp\/v2\/posts"}],"about":[{"href":"https:\/\/diarioregionaldigital.com.br\/index.php?rest_route=\/wp\/v2\/types\/post"}],"author":[{"embeddable":true,"href":"https:\/\/diarioregionaldigital.com.br\/index.php?rest_route=\/wp\/v2\/users\/246"}],"replies":[{"embeddable":true,"href":"https:\/\/diarioregionaldigital.com.br\/index.php?rest_route=%2Fwp%2Fv2%2Fcomments&post=208202"}],"version-history":[{"count":1,"href":"https:\/\/diarioregionaldigital.com.br\/index.php?rest_route=\/wp\/v2\/posts\/208202\/revisions"}],"predecessor-version":[{"id":208204,"href":"https:\/\/diarioregionaldigital.com.br\/index.php?rest_route=\/wp\/v2\/posts\/208202\/revisions\/208204"}],"wp:featuredmedia":[{"embeddable":true,"href":"https:\/\/diarioregionaldigital.com.br\/index.php?rest_route=\/wp\/v2\/media\/208203"}],"wp:attachment":[{"href":"https:\/\/diarioregionaldigital.com.br\/index.php?rest_route=%2Fwp%2Fv2%2Fmedia&parent=208202"}],"wp:term":[{"taxonomy":"category","embeddable":true,"href":"https:\/\/diarioregionaldigital.com.br\/index.php?rest_route=%2Fwp%2Fv2%2Fcategories&post=208202"},{"taxonomy":"post_tag","embeddable":true,"href":"https:\/\/diarioregionaldigital.com.br\/index.php?rest_route=%2Fwp%2Fv2%2Ftags&post=208202"}],"curies":[{"name":"wp","href":"https:\/\/api.w.org\/{rel}","templated":true}]}}