{"id":208196,"date":"2022-12-23T19:06:40","date_gmt":"2022-12-23T22:06:40","guid":{"rendered":"https:\/\/diarioregionaldigital.com.br\/?p=208196"},"modified":"2022-12-23T19:06:40","modified_gmt":"2022-12-23T22:06:40","slug":"valorizar-idosos-e-condicao-para-avanco-da-sociedade-diz-ministra","status":"publish","type":"post","link":"https:\/\/diarioregionaldigital.com.br\/?p=208196","title":{"rendered":"Valorizar idosos \u00e9 condi\u00e7\u00e3o para avan\u00e7o da sociedade, diz ministra"},"content":{"rendered":"<p>A ministra da Mulher, da Fam\u00edlia e dos Direitos Humanos, Cristiane Britto, comemorou hoje (22) os resultados registrados pela Secretaria Nacional de Promo\u00e7\u00e3o e Defesa dos Direitos da Pessoa Idosa (SNDPI)\u00a0 e disse que a sociedade brasileira n\u00e3o vai conseguir avan\u00e7ar se n\u00e3o come\u00e7ar a valorizar os idosos.\u00a0<img decoding=\"async\" src=\"https:\/\/agenciabrasil.ebc.com.br\/ebc.png?id=1499632&amp;o=node\" \/><img decoding=\"async\" src=\"https:\/\/agenciabrasil.ebc.com.br\/ebc.gif?id=1499632&amp;o=node\" \/><\/p>\n<p>Cristiane lamentou que ainda ocorram no Brasil situa\u00e7\u00f5es como a da casa de acolhimento particular de Crato (CE), onde boa parte das mulheres internadas com problemas mentais tinha sido abandonada pelas fam\u00edlias e se encontrava em c\u00e1rcere privado e, mesmo depois da pris\u00e3o do gestor da unidade, 75% das fam\u00edlias n\u00e3o quiseram resgat\u00e1-las. \u201cAs fam\u00edlias devem valorizar os idosos\u201d, afirmou a ministra. Para isso, defendeu a conviv\u00eancia entre crian\u00e7as e jovens com os idosos da fam\u00edlia, para que possam aprender com suas experi\u00eancias e viv\u00eancias.<\/p>\n<p>O secret\u00e1rio Nacional de Promo\u00e7\u00e3o e Defesa dos Direitos da Pessoa Idosa, Ant\u00f4nio Costa, salientou os avan\u00e7os da Pol\u00edtica Nacional da Pessoa Idosa desde 2019, entre os quais o Pacto Nacional de Implementa\u00e7\u00e3o dos Direitos da Pessoa Idosa em 22 estados, por meio de\u00a0parceria com nove universidades brasileiras. \u201cO mais importante \u00e9 que as matrizes v\u00e3o ficar nos estados e conselhos municipais, para que voc\u00eas deem sequ\u00eancia\u201d, destacou.<\/p>\n<p>Costa citou tamb\u00e9m a Pol\u00edtica Nacional de Cuidados, elaborada pelo minist\u00e9rio em conjunto com os minist\u00e9rios da Sa\u00fade, Educa\u00e7\u00e3o, Cidadania, o Instituto Nacional de Seguridade Social (INSS), sociedade civil, secretarias de Sa\u00fade e de Assist\u00eancia Social. O programa est\u00e1 pronto, foi repassado para o pr\u00f3ximo governo\u00a0e dever\u00e1 ser implantado em todo o pa\u00eds, disse o secret\u00e1rio.<\/p>\n<h2>Envelhecimento<\/h2>\n<p>Costa disse que torce para que o Brasil d\u00ea certo. \u201cO meu sonho \u00e9 que o pr\u00f3ximo presidente, que vai come\u00e7ar no dia 1\u00ba [de janeiro]\u00a0com sua equipe, possa criar, nos quatro anos que ele vai ficar, um programa de Estado brasileiro para o enfrentamento do envelhecimento no nosso pa\u00eds que, infelizmente, ainda n\u00e3o caiu na ficha do nosso Congresso Nacional. As pessoas ainda n\u00e3o est\u00e3o crendo que o pa\u00eds est\u00e1 envelhecendo. O maior desafio que eu vejo \u00e9 a expectativa de vida, quando os homens v\u00e3o viver at\u00e9 88, 89 anos, e as mulheres mais de 100, e nada vai se fazer, porque a aposentadoria ocorre aos 65 anos\u201d.<\/p>\n<p>O secret\u00e1rio ressaltou a necessidade de se trabalhar o envelhecimento a partir dos 35 ou 40 anos, para que, dentro das possibilidades, a popula\u00e7\u00e3o possa cuidar das comorbidades, porque o grande desafio \u00e9 que o envelhecimento brasileiro ocorre com 72% a 75% de comorbidades (diabetes, press\u00e3o alta, dem\u00eancia, Alzheimer), \u201ce nada se tem feito at\u00e9 agora para isso\u201d. Segundo Costa, esse trabalho deve ser feito por meio do Sistema \u00danico de Sa\u00fade (SUS), tendo em vista que \u201ca popula\u00e7\u00e3o idosa representar\u00e1, em pouco tempo, um ter\u00e7o da popula\u00e7\u00e3o total\u201d e \u201c\u00e9 preciso trabalhar a prote\u00e7\u00e3o e a defesa da pessoa idosa\u201d.<\/p>\n<h2>Pr\u00eamios<\/h2>\n<p>O minist\u00e9rio tamb\u00e9m entregou hoje (22) o 1\u00ba Pr\u00eamio Liter\u00e1rio de Reda\u00e7\u00f5es e o 2\u00ba Pr\u00eamio Liter\u00e1rio de Cr\u00f4nicas, promovidos pelo Conselho Nacional dos Direitos da Pessoa Idosa (CNDI). O primeiro pr\u00eamio \u00e9 voltado para alunos do ensino m\u00e9dio da rede de escolas p\u00fablicas do Brasil, enquanto o segundo abrange cr\u00f4nicas produzidas por pessoas idosas, com idade igual ou acima dos 60 anos.<\/p>\n<p>Ambos os pr\u00eamios tiveram como tema \u201cO papel da pessoa idosa no s\u00e9culo XXI\u201d. Foram premiados os autores das cinco melhores reda\u00e7\u00f5es e cr\u00f4nicas. \u00a0Os vencedores do 1\u00ba Pr\u00eamio Liter\u00e1rio de Reda\u00e7\u00f5es foram Nycolas Verly da Silva, Laiza Vitoria Batista Castanho, Yasmim Thainara Sena de Oliveira, Debora Let\u00edcia Silva Campos e Ruanne de Jesus Pereira. J\u00e1 o 2\u00ba Pr\u00eamio Liter\u00e1rio de Cr\u00f4nicas teve como vencedores Luiz Claudio Machado de Santana, Ronaldo Carvalho de Sousa, Ney de Freitas Filho, Angela Maria Rocha e F\u00e1tima Soares Rodrigues.<\/p>\n<p>Durante o evento, foram diplomados cinco estados Amigos da Pessoa Idosa (S\u00e3o Paulo, Cear\u00e1, Roraima, Mato Grosso e Paran\u00e1), que se destacaram na implementa\u00e7\u00e3o da Pol\u00edtica da Pessoa Idosa nos \u00faltimos quatro anos, em especial na amplia\u00e7\u00e3o de conselhos estaduais e municipais dos direitos da pessoa idosa e dos Fundos da Pessoa Idosa.<\/p>\n<p><span style=\"font-weight: 400;\"><br \/>\n<\/span><span style=\"font-weight: 400;\">Fonte: Ag\u00eancia Brasil <\/span><\/p>\n","protected":false},"excerpt":{"rendered":"<p>A ministra da Mulher, da Fam\u00edlia e dos Direitos Humanos, Cristiane Britto, comemorou hoje (22) os resultados registrados pela Secretaria Nacional de Promo\u00e7\u00e3o e Defesa dos Direitos da Pessoa Idosa (SNDPI)\u00a0 e disse que a sociedade brasileira n\u00e3o vai conseguir avan\u00e7ar se n\u00e3o come\u00e7ar a valorizar os idosos.\u00a0 Cristiane lamentou que ainda ocorram no Brasil [&hellip;]<\/p>\n","protected":false},"author":246,"featured_media":208197,"comment_status":"closed","ping_status":"closed","sticky":false,"template":"","format":"standard","meta":{"footnotes":""},"categories":[436,254,439],"tags":[],"class_list":["post-208196","post","type-post","status-publish","format-standard","has-post-thumbnail","hentry","category-destaque-da-semana","category-politica","category-ultima-hora"],"_links":{"self":[{"href":"https:\/\/diarioregionaldigital.com.br\/index.php?rest_route=\/wp\/v2\/posts\/208196","targetHints":{"allow":["GET"]}}],"collection":[{"href":"https:\/\/diarioregionaldigital.com.br\/index.php?rest_route=\/wp\/v2\/posts"}],"about":[{"href":"https:\/\/diarioregionaldigital.com.br\/index.php?rest_route=\/wp\/v2\/types\/post"}],"author":[{"embeddable":true,"href":"https:\/\/diarioregionaldigital.com.br\/index.php?rest_route=\/wp\/v2\/users\/246"}],"replies":[{"embeddable":true,"href":"https:\/\/diarioregionaldigital.com.br\/index.php?rest_route=%2Fwp%2Fv2%2Fcomments&post=208196"}],"version-history":[{"count":1,"href":"https:\/\/diarioregionaldigital.com.br\/index.php?rest_route=\/wp\/v2\/posts\/208196\/revisions"}],"predecessor-version":[{"id":208198,"href":"https:\/\/diarioregionaldigital.com.br\/index.php?rest_route=\/wp\/v2\/posts\/208196\/revisions\/208198"}],"wp:featuredmedia":[{"embeddable":true,"href":"https:\/\/diarioregionaldigital.com.br\/index.php?rest_route=\/wp\/v2\/media\/208197"}],"wp:attachment":[{"href":"https:\/\/diarioregionaldigital.com.br\/index.php?rest_route=%2Fwp%2Fv2%2Fmedia&parent=208196"}],"wp:term":[{"taxonomy":"category","embeddable":true,"href":"https:\/\/diarioregionaldigital.com.br\/index.php?rest_route=%2Fwp%2Fv2%2Fcategories&post=208196"},{"taxonomy":"post_tag","embeddable":true,"href":"https:\/\/diarioregionaldigital.com.br\/index.php?rest_route=%2Fwp%2Fv2%2Ftags&post=208196"}],"curies":[{"name":"wp","href":"https:\/\/api.w.org\/{rel}","templated":true}]}}