{"id":208193,"date":"2022-12-23T19:05:29","date_gmt":"2022-12-23T22:05:29","guid":{"rendered":"https:\/\/diarioregionaldigital.com.br\/?p=208193"},"modified":"2022-12-23T19:05:29","modified_gmt":"2022-12-23T22:05:29","slug":"gabinete-de-intervencao-federal-no-rio-e-prorrogado-por-mais-6-meses","status":"publish","type":"post","link":"https:\/\/diarioregionaldigital.com.br\/?p=208193","title":{"rendered":"Gabinete de Interven\u00e7\u00e3o Federal no Rio \u00e9 prorrogado por mais 6 meses"},"content":{"rendered":"<p>O Gabinete de Interven\u00e7\u00e3o Federal no Rio de Janeiro teve seu funcionamento prorrogado por mais seis meses, segundo decreto presidencial publicado na edi\u00e7\u00e3o de\u00a0<span id=\"OBJ_PREFIX_DWT254_com_zimbra_date\" role=\"link\">hoje<\/span>\u00a0(23) do\u00a0<a href=\"https:\/\/in.gov.br\/en\/web\/dou\/-\/decreto-n-11.305-de-22-de-dezembro-de-2022-453121869\" target=\"_blank\" rel=\"noopener\"><em>Di\u00e1rio Oficial da Uni\u00e3o<\/em><\/a>.<img decoding=\"async\" src=\"https:\/\/agenciabrasil.ebc.com.br\/ebc.png?id=1499647&amp;o=node\" \/><img decoding=\"async\" src=\"https:\/\/agenciabrasil.ebc.com.br\/ebc.gif?id=1499647&amp;o=node\" \/><\/p>\n<p>A interven\u00e7\u00e3o federal na seguran\u00e7a p\u00fablica do Rio<span id=\"OBJ_PREFIX_DWT255_com_zimbra_date\" role=\"link\">\u00a0de Janeiro<\/span>\u00a0foi decretada em\u00a0<span id=\"OBJ_PREFIX_DWT256_com_zimbra_date\" role=\"link\">16 de fevereiro<\/span>\u00a0de 2018, pelo ent\u00e3o presidente da Rep\u00fablica, Michel Temer, a pedido do governo fluminense, com prazo para durar at\u00e9 dezembro daquele ano.<\/p>\n<p>Durante esse per\u00edodo, os \u00f3rg\u00e3os de seguran\u00e7a p\u00fablica estaduais ficaram subordinados ao Gabinete de Interven\u00e7\u00e3o Federal. A justificativa para a interven\u00e7\u00e3o foi o comprometimento da ordem p\u00fablica no estado naquela ocasi\u00e3o.<\/p>\n<p>Mesmo depois do fim da interven\u00e7\u00e3o, encerrada em dezembro de 2018, o Gabinete foi mantido com parte dos cargos, com o objetivo de fazer entregas contratuais. Com a nova prorroga\u00e7\u00e3o, a estrutura, que deixaria de funcionar hoje (23), continuar\u00e1 existindo at\u00e9 30 de junho de 2023.<\/p>\n<p>\u201cO ato assinado pelo presidente Jair Bolsonaro\u00a0prorroga o prazo para encerramento das atividades do Gabinete de Interven\u00e7\u00e3o Federal no Estado do Rio<span id=\"OBJ_PREFIX_DWT260_com_zimbra_date\" role=\"link\">\u00a0de Janeiro<\/span>, para que possam ser conclu\u00eddas entregas contratuais. Com a medida, o governo espera viabilizar a conclus\u00e3o dos trabalhos do gabinete&#8221;, informa nota divulgada pela Secretaria-Geral da Presid\u00eancia da Rep\u00fablica.<\/p>\n<p><span style=\"font-weight: 400;\">Fonte: Ag\u00eancia Brasil <\/span><\/p>\n","protected":false},"excerpt":{"rendered":"<p>O Gabinete de Interven\u00e7\u00e3o Federal no Rio de Janeiro teve seu funcionamento prorrogado por mais seis meses, segundo decreto presidencial publicado na edi\u00e7\u00e3o de\u00a0hoje\u00a0(23) do\u00a0Di\u00e1rio Oficial da Uni\u00e3o. A interven\u00e7\u00e3o federal na seguran\u00e7a p\u00fablica do Rio\u00a0de Janeiro\u00a0foi decretada em\u00a016 de fevereiro\u00a0de 2018, pelo ent\u00e3o presidente da Rep\u00fablica, Michel Temer, a pedido do governo fluminense, com [&hellip;]<\/p>\n","protected":false},"author":246,"featured_media":208194,"comment_status":"closed","ping_status":"closed","sticky":false,"template":"","format":"standard","meta":{"footnotes":""},"categories":[436,254,439],"tags":[],"class_list":["post-208193","post","type-post","status-publish","format-standard","has-post-thumbnail","hentry","category-destaque-da-semana","category-politica","category-ultima-hora"],"_links":{"self":[{"href":"https:\/\/diarioregionaldigital.com.br\/index.php?rest_route=\/wp\/v2\/posts\/208193","targetHints":{"allow":["GET"]}}],"collection":[{"href":"https:\/\/diarioregionaldigital.com.br\/index.php?rest_route=\/wp\/v2\/posts"}],"about":[{"href":"https:\/\/diarioregionaldigital.com.br\/index.php?rest_route=\/wp\/v2\/types\/post"}],"author":[{"embeddable":true,"href":"https:\/\/diarioregionaldigital.com.br\/index.php?rest_route=\/wp\/v2\/users\/246"}],"replies":[{"embeddable":true,"href":"https:\/\/diarioregionaldigital.com.br\/index.php?rest_route=%2Fwp%2Fv2%2Fcomments&post=208193"}],"version-history":[{"count":1,"href":"https:\/\/diarioregionaldigital.com.br\/index.php?rest_route=\/wp\/v2\/posts\/208193\/revisions"}],"predecessor-version":[{"id":208195,"href":"https:\/\/diarioregionaldigital.com.br\/index.php?rest_route=\/wp\/v2\/posts\/208193\/revisions\/208195"}],"wp:featuredmedia":[{"embeddable":true,"href":"https:\/\/diarioregionaldigital.com.br\/index.php?rest_route=\/wp\/v2\/media\/208194"}],"wp:attachment":[{"href":"https:\/\/diarioregionaldigital.com.br\/index.php?rest_route=%2Fwp%2Fv2%2Fmedia&parent=208193"}],"wp:term":[{"taxonomy":"category","embeddable":true,"href":"https:\/\/diarioregionaldigital.com.br\/index.php?rest_route=%2Fwp%2Fv2%2Fcategories&post=208193"},{"taxonomy":"post_tag","embeddable":true,"href":"https:\/\/diarioregionaldigital.com.br\/index.php?rest_route=%2Fwp%2Fv2%2Ftags&post=208193"}],"curies":[{"name":"wp","href":"https:\/\/api.w.org\/{rel}","templated":true}]}}