{"id":208190,"date":"2022-12-23T19:04:17","date_gmt":"2022-12-23T22:04:17","guid":{"rendered":"https:\/\/diarioregionaldigital.com.br\/?p=208190"},"modified":"2022-12-23T19:04:17","modified_gmt":"2022-12-23T22:04:17","slug":"decreto-que-concede-indulto-de-natal-e-publicado-no-diario-oficial","status":"publish","type":"post","link":"https:\/\/diarioregionaldigital.com.br\/?p=208190","title":{"rendered":"Decreto que concede indulto de Natal \u00e9 publicado no Di\u00e1rio Oficial"},"content":{"rendered":"<p>O presidente Jair Bolsonaro beneficiou, no indulto de natal concedido em 2022, militares das For\u00e7as Armadas e agentes do Sistema \u00danico de Seguran\u00e7a P\u00fablica (Susp). A medida vale para alguns casos espec\u00edficos, conforme detalhado pelo\u00a0<a href=\"https:\/\/in.gov.br\/en\/web\/dou\/-\/decreto-n-11.302-de-22-de-dezembro-de-2022-453260239\" target=\"_blank\" rel=\"noopener\">Decreto n\u00ba 11.302\/22<\/a>, publicado no Di\u00e1rio Oficial da Uni\u00e3o de\u00a0hoje\u00a0(23).<img decoding=\"async\" src=\"https:\/\/agenciabrasil.ebc.com.br\/ebc.png?id=1499654&amp;o=node\" \/><img decoding=\"async\" src=\"https:\/\/agenciabrasil.ebc.com.br\/ebc.gif?id=1499654&amp;o=node\" \/><\/p>\n<p>O decreto beneficia tamb\u00e9m condenados que tenham sido acometidos por paraplegia, tetraplegia ou cegueira, posteriormente \u00e0 pr\u00e1tica do delito ou dele consequente; por doen\u00e7a grave permanente, que, simultaneamente, imponha severa limita\u00e7\u00e3o de atividade e exija cuidados cont\u00ednuos que n\u00e3o possam ser prestados no estabelecimento penal; ou por doen\u00e7a grave, como neoplasia maligna ou s\u00edndrome da defici\u00eancia imunol\u00f3gica adquirida (aids), em est\u00e1gio terminal.<\/p>\n<p>Em todas essas situa\u00e7\u00f5es, faz-se necess\u00e1ria a comprova\u00e7\u00e3o\u00a0por meio de laudo m\u00e9dico oficial, ou, na sua falta, por m\u00e9dico designado pelo ju\u00edzo da execu\u00e7\u00e3o.<\/p>\n<p>No caso dos agentes p\u00fablicos do Susp, a medida vale para aqueles que\u00a0at\u00e9\u00a025 de dezembro\u00a0de 2022 \u2013 seja no exerc\u00edcio da sua fun\u00e7\u00e3o ou em decorr\u00eancia dela \u2013, tenham sido condenados por crime na hip\u00f3tese de excesso culposo; por crime culposo, desde que tenham cumprido pelo menos um sexto da pena; e para os casos em que o agente tenha sido condenado por \u201cato cometido, mesmo que fora do servi\u00e7o, em raz\u00e3o de risco decorrente da sua condi\u00e7\u00e3o funcional ou em raz\u00e3o do seu dever de agir\u201d.<\/p>\n<p>Ser\u00e1 concedido ainda indulto natalino aos agentes p\u00fablicos dos \u00f3rg\u00e3os de seguran\u00e7a\u00a0que, no exerc\u00edcio de\u00a0sua fun\u00e7\u00e3o ou em decorr\u00eancia dela, tenham sido condenados, ainda que provisoriamente, por fato praticado h\u00e1 mais de 30\u00a0anos, desde que, no momento de sua pr\u00e1tica, n\u00e3o tenha\u00a0sido considerado crime hediondo.<\/p>\n<p>No caso do indulto natalino concedido a militares das For\u00e7as Armadas, ele poder\u00e1 ser aplicado nas situa\u00e7\u00f5es em que a pr\u00e1tica delituosa tenha sido cometida durante opera\u00e7\u00f5es de Garantia da Lei e da Ordem, resultando em condena\u00e7\u00e3o por crime na hip\u00f3tese de excesso culposo, conforme descrito no C\u00f3digo Penal Militar.<\/p>\n<p>O decreto concede tamb\u00e9m indulto natalino a pessoas com mais de 70 anos, condenadas \u00e0 pena privativa de liberdade, que tenham cumprido pelo menos um\u00a0ter\u00e7o da pena.<\/p>\n<p>Ainda segundo o documento, o indulto n\u00e3o abrange crimes considerados hediondos (ou a eles equiparados),\u00a0nem aqueles praticados mediante grave amea\u00e7a ou viol\u00eancia contra a pessoa.<\/p>\n<p>A medida n\u00e3o ser\u00e1 aplicada em casos estabelecidos por lei, relativos a crimes de tortura;\u00a0lavagem ou oculta\u00e7\u00e3o de bens, direitos e valores; viol\u00eancia\u00a0dom\u00e9stica e familiar contra a mulher; organiza\u00e7\u00e3o criminosa; terrorismo; ou a integrantes de fac\u00e7\u00f5es criminosas.<\/p>\n<p>Tamb\u00e9m n\u00e3o ser\u00e1 concedido nos casos que envolvam viola\u00e7\u00e3o sexual mediante fraude; ass\u00e9dio sexual; sedu\u00e7\u00e3o; estupro de vulner\u00e1vel; corrup\u00e7\u00e3o de menores; satisfa\u00e7\u00e3o de lasc\u00edvia mediante presen\u00e7a de crian\u00e7a ou adolescente; favorecimento da prostitui\u00e7\u00e3o ou de outra forma de explora\u00e7\u00e3o sexual de crian\u00e7a, adolescente ou vulner\u00e1vel; divulga\u00e7\u00e3o de cena de estupro, sexo ou pornografia; peculato; concuss\u00e3o; ou corrup\u00e7\u00e3o (ativa ou passiva).<\/p>\n<p>Por fim, o decreto esclarece que o indulto natalino n\u00e3o se estende\u00a0a penas restritivas de direitos; a penas de multa; ou a pessoas beneficiadas pela suspens\u00e3o condicional do processo.<\/p>\n<p><span style=\"font-weight: 400;\"><br \/>\n<\/span><span style=\"font-weight: 400;\">Fonte: Ag\u00eancia Brasil <\/span><\/p>\n","protected":false},"excerpt":{"rendered":"<p>O presidente Jair Bolsonaro beneficiou, no indulto de natal concedido em 2022, militares das For\u00e7as Armadas e agentes do Sistema \u00danico de Seguran\u00e7a P\u00fablica (Susp). A medida vale para alguns casos espec\u00edficos, conforme detalhado pelo\u00a0Decreto n\u00ba 11.302\/22, publicado no Di\u00e1rio Oficial da Uni\u00e3o de\u00a0hoje\u00a0(23). O decreto beneficia tamb\u00e9m condenados que tenham sido acometidos por paraplegia, [&hellip;]<\/p>\n","protected":false},"author":246,"featured_media":208191,"comment_status":"closed","ping_status":"closed","sticky":false,"template":"","format":"standard","meta":{"footnotes":""},"categories":[436,254,439],"tags":[],"class_list":["post-208190","post","type-post","status-publish","format-standard","has-post-thumbnail","hentry","category-destaque-da-semana","category-politica","category-ultima-hora"],"_links":{"self":[{"href":"https:\/\/diarioregionaldigital.com.br\/index.php?rest_route=\/wp\/v2\/posts\/208190","targetHints":{"allow":["GET"]}}],"collection":[{"href":"https:\/\/diarioregionaldigital.com.br\/index.php?rest_route=\/wp\/v2\/posts"}],"about":[{"href":"https:\/\/diarioregionaldigital.com.br\/index.php?rest_route=\/wp\/v2\/types\/post"}],"author":[{"embeddable":true,"href":"https:\/\/diarioregionaldigital.com.br\/index.php?rest_route=\/wp\/v2\/users\/246"}],"replies":[{"embeddable":true,"href":"https:\/\/diarioregionaldigital.com.br\/index.php?rest_route=%2Fwp%2Fv2%2Fcomments&post=208190"}],"version-history":[{"count":1,"href":"https:\/\/diarioregionaldigital.com.br\/index.php?rest_route=\/wp\/v2\/posts\/208190\/revisions"}],"predecessor-version":[{"id":208192,"href":"https:\/\/diarioregionaldigital.com.br\/index.php?rest_route=\/wp\/v2\/posts\/208190\/revisions\/208192"}],"wp:featuredmedia":[{"embeddable":true,"href":"https:\/\/diarioregionaldigital.com.br\/index.php?rest_route=\/wp\/v2\/media\/208191"}],"wp:attachment":[{"href":"https:\/\/diarioregionaldigital.com.br\/index.php?rest_route=%2Fwp%2Fv2%2Fmedia&parent=208190"}],"wp:term":[{"taxonomy":"category","embeddable":true,"href":"https:\/\/diarioregionaldigital.com.br\/index.php?rest_route=%2Fwp%2Fv2%2Fcategories&post=208190"},{"taxonomy":"post_tag","embeddable":true,"href":"https:\/\/diarioregionaldigital.com.br\/index.php?rest_route=%2Fwp%2Fv2%2Ftags&post=208190"}],"curies":[{"name":"wp","href":"https:\/\/api.w.org\/{rel}","templated":true}]}}