{"id":208187,"date":"2022-12-23T19:02:31","date_gmt":"2022-12-23T22:02:31","guid":{"rendered":"https:\/\/diarioregionaldigital.com.br\/?p=208187"},"modified":"2022-12-23T19:02:31","modified_gmt":"2022-12-23T22:02:31","slug":"camara-e-senado-entram-em-recesso-parlamentar","status":"publish","type":"post","link":"https:\/\/diarioregionaldigital.com.br\/?p=208187","title":{"rendered":"C\u00e2mara e Senado entram em recesso parlamentar"},"content":{"rendered":"<p>Com o or\u00e7amento geral da Uni\u00e3o votado ontem (22) pelo\u00a0<a href=\"https:\/\/agenciabrasil.ebc.com.br\/politica\/noticia\/2022-12\/congresso-aprova-orcamento-com-salario-minimo-de-r1320-para-2023\" target=\"_blank\" rel=\"noopener\">Congresso Nacional<\/a>, deputados e senadores come\u00e7am oficialmente nesta sexta-feira (23) o recesso parlamentar. A posse dos parlamentares eleitos para a nova legislatura ser\u00e1 no dia 1\u00ba de fevereiro de 2023, at\u00e9 l\u00e1, uma Comiss\u00e3o Representativa do Congresso Nacional, que inclui deputados e senadores, fica de plant\u00e3o enquanto os demais parlamentares est\u00e3o de recesso.<img decoding=\"async\" src=\"https:\/\/agenciabrasil.ebc.com.br\/ebc.png?id=1499677&amp;o=node\" \/><img decoding=\"async\" src=\"https:\/\/agenciabrasil.ebc.com.br\/ebc.gif?id=1499677&amp;o=node\" \/><\/p>\n<p>Conforme previsto na Constitui\u00e7\u00e3o Federal, at\u00e9 o dia 31 de janeiro, compete \u00e0 comiss\u00e3o representativa, entre outras prerrogativas, zelar pela preserva\u00e7\u00e3o da compet\u00eancia legislativa do Congresso Nacional em face da atribui\u00e7\u00e3o normativa dos outros Poderes, deliberar sobre diversos assuntos de compet\u00eancia do Congresso, fiscalizar e controlar os atos do Poder Executivo e exercer outras atribui\u00e7\u00f5es de car\u00e1ter urgente, que n\u00e3o possam aguardar o in\u00edcio do per\u00edodo legislativo seguinte sem preju\u00edzo para o pa\u00eds ou suas institui\u00e7\u00f5es.<\/p>\n<p>Pelo Senado est\u00e3o na comiss\u00e3o os senadores Marcos do Val (Podemos-ES), Eduardo Gir\u00e3o (Podemos-CE), Nelsinho Trad (PSD-MS), Carlos F\u00e1varo (PSD-MT), Rog\u00e9rio Carvalho (PT-SE), Zenaide Maia (Pros-RN), Carlos Viana (PL-MG), Fernando Collor (PTB-AL) e Luiz Carlos do Carmo (PSC-GO). Na C\u00e2mara, comp\u00f5e o grupo os deputados Adolfo Viana (PSDB-BA), Andr\u00e9 Fufuca (PP-MA)Dr. Zacharias Calil (Uni\u00e3o-GO), Eli Borges (PL-TO), Francisco Jr. (PSD-GO), Hildo Rocha (MDB-MA), Julio Cesar Ribeiro (Republicanos-DF), Juscelino Filho (Uni\u00e3o-MA), Kim Kataguiri (Uni\u00e3o-SP), Ruy Carneiro (PSC-PB), Andr\u00e9 Figueiredo (PDT-CE), Igor Timo (PODE-MG), Elias Vaz (PSB-GO), Odair Cunha (PT-MG), T\u00falio Gad\u00ealha (Rede-PE) e Adriana Ventura (Novo-SP).<\/p>\n<h2>Posse<\/h2>\n<p>Apesar do Recesso, deputados e senadores devem voltar ao Congresso para a sess\u00e3o solene de posse do presidente eleito Luiz In\u00e1cio Lula da Silva, e do vice-presidente Geraldo Alckmin, no dia 1\u00ba de janeiro. No in\u00edcio dessa semana, o presidente do Senado e do Congresso Nacional, senador Rodrigo Pacheco (PSD-MG), publicou o ato de convoca\u00e7\u00e3o dos parlamentares para o ritual da posse nos novos cargos\u00a0&#8211; juramento e assinatura do termo de posse &#8211; ser\u00e1 \u00e0s 15h no plen\u00e1rio da C\u00e2mara dos Deputados.<\/p>\n<p><span style=\"font-weight: 400;\">Fonte: Ag\u00eancia Brasil\u00a0<\/span><span style=\"font-weight: 400;\"><br \/>\n<\/span><\/p>\n","protected":false},"excerpt":{"rendered":"<p>Com o or\u00e7amento geral da Uni\u00e3o votado ontem (22) pelo\u00a0Congresso Nacional, deputados e senadores come\u00e7am oficialmente nesta sexta-feira (23) o recesso parlamentar. A posse dos parlamentares eleitos para a nova legislatura ser\u00e1 no dia 1\u00ba de fevereiro de 2023, at\u00e9 l\u00e1, uma Comiss\u00e3o Representativa do Congresso Nacional, que inclui deputados e senadores, fica de plant\u00e3o [&hellip;]<\/p>\n","protected":false},"author":246,"featured_media":208188,"comment_status":"closed","ping_status":"closed","sticky":false,"template":"","format":"standard","meta":{"footnotes":""},"categories":[436,440,254,439],"tags":[],"class_list":["post-208187","post","type-post","status-publish","format-standard","has-post-thumbnail","hentry","category-destaque-da-semana","category-destaques-do-dia","category-politica","category-ultima-hora"],"_links":{"self":[{"href":"https:\/\/diarioregionaldigital.com.br\/index.php?rest_route=\/wp\/v2\/posts\/208187","targetHints":{"allow":["GET"]}}],"collection":[{"href":"https:\/\/diarioregionaldigital.com.br\/index.php?rest_route=\/wp\/v2\/posts"}],"about":[{"href":"https:\/\/diarioregionaldigital.com.br\/index.php?rest_route=\/wp\/v2\/types\/post"}],"author":[{"embeddable":true,"href":"https:\/\/diarioregionaldigital.com.br\/index.php?rest_route=\/wp\/v2\/users\/246"}],"replies":[{"embeddable":true,"href":"https:\/\/diarioregionaldigital.com.br\/index.php?rest_route=%2Fwp%2Fv2%2Fcomments&post=208187"}],"version-history":[{"count":1,"href":"https:\/\/diarioregionaldigital.com.br\/index.php?rest_route=\/wp\/v2\/posts\/208187\/revisions"}],"predecessor-version":[{"id":208189,"href":"https:\/\/diarioregionaldigital.com.br\/index.php?rest_route=\/wp\/v2\/posts\/208187\/revisions\/208189"}],"wp:featuredmedia":[{"embeddable":true,"href":"https:\/\/diarioregionaldigital.com.br\/index.php?rest_route=\/wp\/v2\/media\/208188"}],"wp:attachment":[{"href":"https:\/\/diarioregionaldigital.com.br\/index.php?rest_route=%2Fwp%2Fv2%2Fmedia&parent=208187"}],"wp:term":[{"taxonomy":"category","embeddable":true,"href":"https:\/\/diarioregionaldigital.com.br\/index.php?rest_route=%2Fwp%2Fv2%2Fcategories&post=208187"},{"taxonomy":"post_tag","embeddable":true,"href":"https:\/\/diarioregionaldigital.com.br\/index.php?rest_route=%2Fwp%2Fv2%2Ftags&post=208187"}],"curies":[{"name":"wp","href":"https:\/\/api.w.org\/{rel}","templated":true}]}}