{"id":208184,"date":"2022-12-23T18:59:41","date_gmt":"2022-12-23T21:59:41","guid":{"rendered":"https:\/\/diarioregionaldigital.com.br\/?p=208184"},"modified":"2022-12-23T18:59:41","modified_gmt":"2022-12-23T21:59:41","slug":"banco-mundial-e-bb-criam-balcao-unico-para-credito-de-carbono","status":"publish","type":"post","link":"https:\/\/diarioregionaldigital.com.br\/?p=208184","title":{"rendered":"Banco Mundial e BB criam balc\u00e3o \u00fanico para cr\u00e9dito de carbono"},"content":{"rendered":"<p>O Banco Mundial e o Banco do Brasil (BB) criar\u00e3o um balc\u00e3o \u00fanico para financiamentos vinculados a a\u00e7\u00f5es de sustentabilidade e ao mercado de cr\u00e9dito de carbono. O projeto foi aprovado hoje (23), em Washington, pelo Conselho de Administra\u00e7\u00e3o do Banco Mundial.<img decoding=\"async\" src=\"https:\/\/agenciabrasil.ebc.com.br\/ebc.png?id=1499754&amp;o=node\" \/><img decoding=\"async\" src=\"https:\/\/agenciabrasil.ebc.com.br\/ebc.gif?id=1499754&amp;o=node\" \/><\/p>\n<p>Pela primeira vez, as duas institui\u00e7\u00f5es financeiras emprestar\u00e3o recursos vinculados a projetos de sustentabilidade que ajudem o Brasil a atingir as metas clim\u00e1ticas, com benef\u00edcios robustos para quem reduzir emiss\u00f5es de carbono. Segundo o BB, a expectativa \u00e9 compensar em at\u00e9 90 milh\u00f5es de toneladas as emiss\u00f5es de g\u00e1s carb\u00f4nico at\u00e9 2030, o equivalente a cerca de 4,5% do que o Brasil precisa para cumprir os compromissos de zerar as emiss\u00f5es naquele ano.<\/p>\n<p>Or\u00e7ado em US$ 500 milh\u00f5es, o Projeto de Financiamento Clim\u00e1tico do Brasil est\u00e1 distribu\u00eddo da seguinte forma. O Banco Mundial emprestar\u00e1 US$ 400 milh\u00f5es para o Banco do Brasil conceder empr\u00e9stimos vinculados \u00e0 sustentabilidade para empresas que querem reduzir as emiss\u00f5es de carbono. O projeto tamb\u00e9m inclui um Fundo de D\u00edvida Clim\u00e1tica piloto de US$ 98 milh\u00f5es, que deve alavancar o capital privado para expandir o financiamento vinculado \u00e0 sustentabilidade na economia em geral.<\/p>\n<p>Esses instrumentos de financiamento s\u00e3o complementados por US$ 2 milh\u00f5es em recursos para aumentar a capacidade de o Banco do Brasil fornecer assist\u00eancia t\u00e9cnica para que empresas adotem planos de mitiga\u00e7\u00e3o confi\u00e1veis e tenham acesso a mercados de cr\u00e9dito de carbono de alta qualidade.<\/p>\n<p>As tr\u00eas a\u00e7\u00f5es pretendem mobilizar at\u00e9 US$ 1,4 bilh\u00e3o em capital privado, tanto por meio da amplia\u00e7\u00e3o dos financiamentos verdes do Banco do Brasil e como pela concilia\u00e7\u00e3o de atividades p\u00fablicas e de recursos de investidores privados. O BB foi escolhido porque concentra 60% do cr\u00e9dito rural no pa\u00eds, o que permite ampliar a concess\u00e3o de linhas de cr\u00e9dito sustent\u00e1veis ao agroneg\u00f3cio.<\/p>\n<h2>Metas de resultados<\/h2>\n<p>O projeto tornar\u00e1 poss\u00edvel que o BB ofere\u00e7a aos clientes pacotes que integram financiamento com apoio ao acesso aos mercados de cr\u00e9dito de carbono de alta qualidade por meio de um balc\u00e3o \u00fanico. As empresas tomadoras de empr\u00e9stimos ser\u00e3o incentivadas a adotar e implementar planos confi\u00e1veis de redu\u00e7\u00e3o de emiss\u00f5es de gases de efeito estufa, com metas de resultados.<\/p>\n<p>A iniciativa tamb\u00e9m vincula essas empresas a mercados de carbono de alta qualidade. Segundo o BB, a iniciativa fornecer\u00e1 \u00e0s empresas brasileiras, principalmente aos pequenos e m\u00e9dios neg\u00f3cios, um servi\u00e7o acess\u00edvel de ponta a ponta, desde a medi\u00e7\u00e3o da pegada de carbono at\u00e9 a gera\u00e7\u00e3o de retornos de cr\u00e9ditos de carbono de alta integridade.<\/p>\n<h2>Sinergia<\/h2>\n<p>O presidente do Banco do Brasil, Fausto Ribeiro, afirmou que o projeto aumenta a sinergia com a estrat\u00e9gia da institui\u00e7\u00e3o financeira em liderar projetos de sustentabilidade e em fomentar neg\u00f3cios com governan\u00e7a ambiental, social e corporativa. Segundo ele, a experi\u00eancia \u00e9 inovadora e pode ser reproduzida em todo o planeta.<\/p>\n<p>\u201cOs setores p\u00fablico e privado t\u00eam um papel vital no apoio \u00e0 transi\u00e7\u00e3o para uma economia mais verde. Saudamos a parceria com o Banco Mundial n\u00e3o apenas porque \u00e9 o maior financiador mundial de a\u00e7\u00f5es clim\u00e1ticas em pa\u00edses em desenvolvimento, mas tamb\u00e9m por causa de sua experi\u00eancia em criar e fortalecer mercados de capitais locais e tornar os setores financeiros dom\u00e9sticos mais verdes\u201d, afirmou Ribeiro.<\/p>\n<p><span style=\"font-weight: 400;\">Fonte: Ag\u00eancia Brasil <\/span><\/p>\n","protected":false},"excerpt":{"rendered":"<p>O Banco Mundial e o Banco do Brasil (BB) criar\u00e3o um balc\u00e3o \u00fanico para financiamentos vinculados a a\u00e7\u00f5es de sustentabilidade e ao mercado de cr\u00e9dito de carbono. O projeto foi aprovado hoje (23), em Washington, pelo Conselho de Administra\u00e7\u00e3o do Banco Mundial. Pela primeira vez, as duas institui\u00e7\u00f5es financeiras emprestar\u00e3o recursos vinculados a projetos de [&hellip;]<\/p>\n","protected":false},"author":246,"featured_media":208185,"comment_status":"closed","ping_status":"closed","sticky":false,"template":"","format":"standard","meta":{"footnotes":""},"categories":[436,261,439],"tags":[],"class_list":["post-208184","post","type-post","status-publish","format-standard","has-post-thumbnail","hentry","category-destaque-da-semana","category-economia","category-ultima-hora"],"_links":{"self":[{"href":"https:\/\/diarioregionaldigital.com.br\/index.php?rest_route=\/wp\/v2\/posts\/208184","targetHints":{"allow":["GET"]}}],"collection":[{"href":"https:\/\/diarioregionaldigital.com.br\/index.php?rest_route=\/wp\/v2\/posts"}],"about":[{"href":"https:\/\/diarioregionaldigital.com.br\/index.php?rest_route=\/wp\/v2\/types\/post"}],"author":[{"embeddable":true,"href":"https:\/\/diarioregionaldigital.com.br\/index.php?rest_route=\/wp\/v2\/users\/246"}],"replies":[{"embeddable":true,"href":"https:\/\/diarioregionaldigital.com.br\/index.php?rest_route=%2Fwp%2Fv2%2Fcomments&post=208184"}],"version-history":[{"count":1,"href":"https:\/\/diarioregionaldigital.com.br\/index.php?rest_route=\/wp\/v2\/posts\/208184\/revisions"}],"predecessor-version":[{"id":208186,"href":"https:\/\/diarioregionaldigital.com.br\/index.php?rest_route=\/wp\/v2\/posts\/208184\/revisions\/208186"}],"wp:featuredmedia":[{"embeddable":true,"href":"https:\/\/diarioregionaldigital.com.br\/index.php?rest_route=\/wp\/v2\/media\/208185"}],"wp:attachment":[{"href":"https:\/\/diarioregionaldigital.com.br\/index.php?rest_route=%2Fwp%2Fv2%2Fmedia&parent=208184"}],"wp:term":[{"taxonomy":"category","embeddable":true,"href":"https:\/\/diarioregionaldigital.com.br\/index.php?rest_route=%2Fwp%2Fv2%2Fcategories&post=208184"},{"taxonomy":"post_tag","embeddable":true,"href":"https:\/\/diarioregionaldigital.com.br\/index.php?rest_route=%2Fwp%2Fv2%2Ftags&post=208184"}],"curies":[{"name":"wp","href":"https:\/\/api.w.org\/{rel}","templated":true}]}}