{"id":208175,"date":"2022-12-23T18:55:39","date_gmt":"2022-12-23T21:55:39","guid":{"rendered":"https:\/\/diarioregionaldigital.com.br\/?p=208175"},"modified":"2022-12-23T18:55:39","modified_gmt":"2022-12-23T21:55:39","slug":"brasileiros-esquecem-r-22-bi-em-grupos-de-consorcio-segundo-bc","status":"publish","type":"post","link":"https:\/\/diarioregionaldigital.com.br\/?p=208175","title":{"rendered":"Brasileiros esquecem R$ 2,2 bi em grupos de cons\u00f3rcio, segundo BC"},"content":{"rendered":"<div class=\"post-item-wrap\">\n<p>Os brasileiros tinham R$ 2,16 bilh\u00f5es em grupos de cons\u00f3rcio no fim de 2021. O n\u00famero consta do Panorama do Sistema de Cons\u00f3rcios, divulgado hoje (23) pelo Banco Central (BC), com dados do ano passado.<img decoding=\"async\" src=\"https:\/\/agenciabrasil.ebc.com.br\/ebc.png?id=1499745&amp;o=node\" \/><img decoding=\"async\" src=\"https:\/\/agenciabrasil.ebc.com.br\/ebc.gif?id=1499745&amp;o=node\" \/><\/p>\n<p>Esses recursos esquecidos correspondem a juros, multas, rendimentos ou rateio do fundo de reserva n\u00e3o retirados ap\u00f3s a contempla\u00e7\u00e3o em um sorteio ou no encerramento de um grupo. A Lei dos Cons\u00f3rcios, publicada em 2008, autoriza as administradoras a cobrar uma taxa sobre o dinheiro n\u00e3o sacado. Em 2021, essa taxa arrecadou R$ 943 milh\u00f5es, 14,6% a mais que em 2020.<\/p>\n<p>As cotas ativas em cons\u00f3rcios somaram 8,48 milh\u00f5es no fim do ano passado, aumento de 6,9% em rela\u00e7\u00e3o a 2020. Elas estavam distribu\u00eddas da seguinte forma: 4,02 milh\u00f5es de autom\u00f3veis, 2,38 milh\u00f5es de motocicletas, 1,28 milh\u00e3o de im\u00f3veis e 867 mil para os demais tipos de bens e de servi\u00e7os.<\/p>\n<p>Em dezembro de 2021, a carteira total dos grupos de cons\u00f3rcios totalizava R$ 75,8 bilh\u00f5es, com alta de 22,8% em rela\u00e7\u00e3o ao ano anterior. De acordo com o BC, a pandemia de covid-19 produziu impactos sobre o mercado de cons\u00f3rcios no in\u00edcio, principalmente no primeiro semestre de 2020.<\/p>\n<p>A partir do semestre seguinte, informou o BC, o mercado recuperou-se e continuou a tend\u00eancia de expans\u00e3o de anos anteriores. Para o \u00f3rg\u00e3o, os cons\u00f3rcios funcionam como importante instrumento de inclus\u00e3o financeira e de aquisi\u00e7\u00e3o de bens dur\u00e1veis, principalmente no subsegmento de motocicletas.<\/p>\n<p>No ano passado, a inadimpl\u00eancia caiu levemente e ficou em 2,5%, contra 2,54% em 2020. O valor m\u00e9dio dos cr\u00e9ditos totalizou R$ 55,3 mil, alta de 28% na mesma compara\u00e7\u00e3o. O prazo m\u00e9dio dos cons\u00f3rcios subiu de 119 para 131 meses.<\/p>\n<\/div>\n<p class=\"alt-font font-italic my-2 small text-info\"><span style=\"font-weight: 400;\">Fonte: Ag\u00eancia Brasil <\/span><\/p>\n","protected":false},"excerpt":{"rendered":"<p>Os brasileiros tinham R$ 2,16 bilh\u00f5es em grupos de cons\u00f3rcio no fim de 2021. O n\u00famero consta do Panorama do Sistema de Cons\u00f3rcios, divulgado hoje (23) pelo Banco Central (BC), com dados do ano passado. Esses recursos esquecidos correspondem a juros, multas, rendimentos ou rateio do fundo de reserva n\u00e3o retirados ap\u00f3s a contempla\u00e7\u00e3o em [&hellip;]<\/p>\n","protected":false},"author":246,"featured_media":208176,"comment_status":"closed","ping_status":"closed","sticky":false,"template":"","format":"standard","meta":{"footnotes":""},"categories":[436,440,261,439],"tags":[],"class_list":["post-208175","post","type-post","status-publish","format-standard","has-post-thumbnail","hentry","category-destaque-da-semana","category-destaques-do-dia","category-economia","category-ultima-hora"],"_links":{"self":[{"href":"https:\/\/diarioregionaldigital.com.br\/index.php?rest_route=\/wp\/v2\/posts\/208175","targetHints":{"allow":["GET"]}}],"collection":[{"href":"https:\/\/diarioregionaldigital.com.br\/index.php?rest_route=\/wp\/v2\/posts"}],"about":[{"href":"https:\/\/diarioregionaldigital.com.br\/index.php?rest_route=\/wp\/v2\/types\/post"}],"author":[{"embeddable":true,"href":"https:\/\/diarioregionaldigital.com.br\/index.php?rest_route=\/wp\/v2\/users\/246"}],"replies":[{"embeddable":true,"href":"https:\/\/diarioregionaldigital.com.br\/index.php?rest_route=%2Fwp%2Fv2%2Fcomments&post=208175"}],"version-history":[{"count":1,"href":"https:\/\/diarioregionaldigital.com.br\/index.php?rest_route=\/wp\/v2\/posts\/208175\/revisions"}],"predecessor-version":[{"id":208177,"href":"https:\/\/diarioregionaldigital.com.br\/index.php?rest_route=\/wp\/v2\/posts\/208175\/revisions\/208177"}],"wp:featuredmedia":[{"embeddable":true,"href":"https:\/\/diarioregionaldigital.com.br\/index.php?rest_route=\/wp\/v2\/media\/208176"}],"wp:attachment":[{"href":"https:\/\/diarioregionaldigital.com.br\/index.php?rest_route=%2Fwp%2Fv2%2Fmedia&parent=208175"}],"wp:term":[{"taxonomy":"category","embeddable":true,"href":"https:\/\/diarioregionaldigital.com.br\/index.php?rest_route=%2Fwp%2Fv2%2Fcategories&post=208175"},{"taxonomy":"post_tag","embeddable":true,"href":"https:\/\/diarioregionaldigital.com.br\/index.php?rest_route=%2Fwp%2Fv2%2Ftags&post=208175"}],"curies":[{"name":"wp","href":"https:\/\/api.w.org\/{rel}","templated":true}]}}