{"id":208172,"date":"2022-12-23T06:00:09","date_gmt":"2022-12-23T09:00:09","guid":{"rendered":"https:\/\/diarioregionaldigital.com.br\/?p=208172"},"modified":"2022-12-23T21:48:34","modified_gmt":"2022-12-24T00:48:34","slug":"a-mente-humana","status":"publish","type":"post","link":"https:\/\/diarioregionaldigital.com.br\/?p=208172","title":{"rendered":"A mente humana"},"content":{"rendered":"<p>\u201cAs coisas encobertas pertencem ao SENHOR nosso Deus, por\u00e9m as reveladas nos pertencem a n\u00f3s e a nossos filhos para sempre, para que cumpramos todas as palavras desta lei\u201d (Deuteron\u00f4mio 29: 29).<\/p>\n<p>N\u00f3s, seres humanos, fomos dotados pelo Pai de uma intelig\u00eancia in\u00e9dita entre todas as criaturas. Uma intelig\u00eancia que traz consigo a curiosidade, a inventividade e a capacidade de cria\u00e7\u00e3o incompar\u00e1veis em rela\u00e7\u00e3o \u00e0s outras esp\u00e9cies. Na verdade, estas s\u00e3o algumas das evid\u00eancias de que carregamos a imagem de Deus:<\/p>\n<p>\u201cE criou Deus o homem \u00e0 sua imagem; \u00e0 imagem de Deus o criou; homem e mulher os criou\u201d (G\u00eanesis 1: 27).<\/p>\n<p>E Deus \u00e9 t\u00e3o bom que nos deu tamb\u00e9m a capacidade de perceber os limites desse mesmo intelecto pulsante:<\/p>\n<p>\u201cPorquanto o que de Deus se pode conhecer neles se manifesta, porque Deus lho manifestou\u201d (Romanos 1: 19).<\/p>\n<p>Por\u00e9m, tal mente privilegiada por vezes se mostra ansiosa demais, outras vezes arrogante demais. Temos a vontade de explicar tudo e a pretens\u00e3o de sermos capazes de explicar qualquer coisa. Por\u00e9m, na verdade, n\u00e3o \u00e9 bem assim.<\/p>\n<p>Existem coisas que n\u00f3s podemos at\u00e9 intuir, sentir, especular, por\u00e9m, jamais seremos capazes de compreender a fundo cada uma de suas pe\u00e7as e engrenagens. Existem aspectos da realidade que n\u00f3s simplesmente jamais conseguiremos alcan\u00e7ar por uma raz\u00e3o muito simples: nossas mentes t\u00eam limites!<\/p>\n<p>Estamos limitados, por exemplo, pelo tempo e pelo espa\u00e7o, pela tridimensionalidade, pela no\u00e7\u00e3o de sequ\u00eancia, e os nossos sentidos s\u00e3o capazes de perceber apenas uma pequena parcela do todo que comp\u00f5e a realidade.<\/p>\n<p>Mesmo sendo percept\u00edvel n\u00e3o possuir todas as ferramentas para dar conta de explicar todas as obras de Deus, a humanidade tomou a decis\u00e3o de faz\u00ea-lo, ent\u00e3o dizendo-se sabia, apenas demonstra tolice:<\/p>\n<p>\u201cDizendo-se s\u00e1bios, tornaram-se loucos\u201d (Romanos 1: 22).<\/p>\n<p>A tolice de colocar todas as coisas ref\u00e9ns dos limites de sua capacidade racional, tolice de colocar tudo em fun\u00e7\u00e3o do \u201cnatural\u201d, tolice de tecer centenas de hip\u00f3teses dissonantes para um mesmo problema e ao mesmo tempo excluir algumas destas por n\u00e3o corresponderem ao paradigma cient\u00edfico mesmo sendo sabido que tal paradigma \u00e9 sempre derrubado em algum momento no curso da hist\u00f3ria.<\/p>\n<p>\u201cPorquanto, tendo conhecido a Deus, n\u00e3o o glorificaram como Deus, nem lhe deram gra\u00e7as, antes em seus discursos se desvaneceram, e o seu cora\u00e7\u00e3o insensato se obscureceu\u201d (Romanos 1: 21).<\/p>\n<p>Atualmente a humanidade decidiu pensar desconsiderando a \u00fanica vari\u00e1vel capaz de apontar o caminho da verdade: DEUS!<\/p>\n<p>\u201cPorque as suas coisas invis\u00edveis, desde a cria\u00e7\u00e3o do mundo, tanto o seu eterno poder, como a sua divindade, se entendem, e claramente se veem pelas coisas que est\u00e3o criadas, para que eles fiquem inescus\u00e1veis\u201d (Romanos 1: 20).<\/p>\n<p>E sem Deus, a mente humana se obscureceu mais do que em qualquer outra \u00e9poca, tornando-se mais autodestrutiva do que em qualquer outra \u00e9poca:<\/p>\n<p>\u201cPor isso tamb\u00e9m Deus os entregou \u00e0s concupisc\u00eancias de seus cora\u00e7\u00f5es, \u00e0 imund\u00edcia, para desonrarem seus corpos entre si\u201d (Romanos 1: 24).<\/p>\n<p>Vivemos tempos de acerto de contas e agora pegamos o pre\u00e7o por nossa arrog\u00e2ncia enquanto esp\u00e9cie!<\/p>\n","protected":false},"excerpt":{"rendered":"<p>\u201cAs coisas encobertas pertencem ao SENHOR nosso Deus, por\u00e9m as reveladas nos pertencem a n\u00f3s e a nossos filhos para sempre, para que cumpramos todas as palavras desta lei\u201d (Deuteron\u00f4mio 29: 29). N\u00f3s, seres humanos, fomos dotados pelo Pai de uma intelig\u00eancia in\u00e9dita entre todas as criaturas. Uma intelig\u00eancia que traz consigo a curiosidade, a [&hellip;]<\/p>\n","protected":false},"author":96,"featured_media":0,"comment_status":"closed","ping_status":"closed","sticky":false,"template":"","format":"standard","meta":{"footnotes":""},"categories":[1244],"tags":[],"class_list":["post-208172","post","type-post","status-publish","format-standard","hentry","category-oleg-abramov"],"_links":{"self":[{"href":"https:\/\/diarioregionaldigital.com.br\/index.php?rest_route=\/wp\/v2\/posts\/208172","targetHints":{"allow":["GET"]}}],"collection":[{"href":"https:\/\/diarioregionaldigital.com.br\/index.php?rest_route=\/wp\/v2\/posts"}],"about":[{"href":"https:\/\/diarioregionaldigital.com.br\/index.php?rest_route=\/wp\/v2\/types\/post"}],"author":[{"embeddable":true,"href":"https:\/\/diarioregionaldigital.com.br\/index.php?rest_route=\/wp\/v2\/users\/96"}],"replies":[{"embeddable":true,"href":"https:\/\/diarioregionaldigital.com.br\/index.php?rest_route=%2Fwp%2Fv2%2Fcomments&post=208172"}],"version-history":[{"count":1,"href":"https:\/\/diarioregionaldigital.com.br\/index.php?rest_route=\/wp\/v2\/posts\/208172\/revisions"}],"predecessor-version":[{"id":208173,"href":"https:\/\/diarioregionaldigital.com.br\/index.php?rest_route=\/wp\/v2\/posts\/208172\/revisions\/208173"}],"wp:attachment":[{"href":"https:\/\/diarioregionaldigital.com.br\/index.php?rest_route=%2Fwp%2Fv2%2Fmedia&parent=208172"}],"wp:term":[{"taxonomy":"category","embeddable":true,"href":"https:\/\/diarioregionaldigital.com.br\/index.php?rest_route=%2Fwp%2Fv2%2Fcategories&post=208172"},{"taxonomy":"post_tag","embeddable":true,"href":"https:\/\/diarioregionaldigital.com.br\/index.php?rest_route=%2Fwp%2Fv2%2Ftags&post=208172"}],"curies":[{"name":"wp","href":"https:\/\/api.w.org\/{rel}","templated":true}]}}