{"id":208163,"date":"2022-12-22T21:34:27","date_gmt":"2022-12-23T00:34:27","guid":{"rendered":"https:\/\/diarioregionaldigital.com.br\/?p=208163"},"modified":"2022-12-22T21:34:27","modified_gmt":"2022-12-23T00:34:27","slug":"pjf-realiza-zeladoria-em-cinco-pracas-nesta-quinta-feira-22","status":"publish","type":"post","link":"https:\/\/diarioregionaldigital.com.br\/?p=208163","title":{"rendered":"PJF realiza zeladoria em cinco pra\u00e7as nesta quinta-feira, 22"},"content":{"rendered":"<p>Segundo informa\u00e7\u00f5es do site da Prefeitura de Juiz de Fora (PJF), os servi\u00e7os que destacam a beleza da cidade n\u00e3o podem parar. Nesta quinta-feira, 22, aproveitando a estiagem da chuva, as equipes da Prefeitura de Juiz de Fora (PJF) estiveram nas pra\u00e7as dos bairros Vila Ideal, Po\u00e7o Rico, Vila Esperan\u00e7a II, Bairu e Bom Clima com servi\u00e7os de poda de grama, poda de \u00e1rvores e limpeza.<br \/>\nSomente no m\u00eas de dezembro, as equipes da Empresa Municipal de Pavimenta\u00e7\u00e3o e Urbanidades (Empav) j\u00e1 atenderam 49 pra\u00e7as em diversos bairros de Juiz de Fora. Veja abaixo a lista completa de bairros com pra\u00e7as atendidas:<br \/>\nSantos Dumont<\/p>\n<p>Jardim Gl\u00f3ria<\/p>\n<p>Santa Luzia<\/p>\n<p>Barbosa Lage<\/p>\n<p>Santa Terezinha<\/p>\n<p>Parque das \u00c1guas<\/p>\n<p>Industrial<\/p>\n<p>S\u00e3o Pedro<\/p>\n<p>Vila Esperan\u00e7a II<\/p>\n<p>Po\u00e7o Rico<\/p>\n<p>Marumbi<\/p>\n<p>Alto dos Passos<\/p>\n<p>Nossa Senhora de Lourdes<\/p>\n<p>Vitorino Braga<\/p>\n<p>S\u00e3o Mateus<\/p>\n<p>Ponte Preta<\/p>\n<p>Jardim do Sol<\/p>\n<p>Grambery<\/p>\n<p>Santo Ant\u00f4nio<\/p>\n<p>Alto Graja\u00fa<\/p>\n<p>Ara\u00fajo<\/p>\n<p>Santa Catarina<\/p>\n<p>F\u00e1brica<\/p>\n<p>Bom Clima<\/p>\n<p>Centro<\/p>\n<p>Graminha<\/p>\n<p>Paineiras<\/p>\n<p>Carlos Chagas<\/p>\n<p>Santa Cec\u00edlia<\/p>\n<p>Santa Cruz<\/p>\n<p>Eldorado<\/p>\n<p>S\u00e3o Bernardo<\/p>\n<p>Bairu<\/p>\n<p>Pirapetinga<br \/>\n<strong>Limpeza dos canteiros centrais<\/strong><br \/>\nTamb\u00e9m nesta quinta-feira equipes da Empav atuaram na limpeza de canteiros centrais de algumas das principais vias da cidade. Foram atendidos os bairros:<\/p>\n<p>Santa Terezinha<\/p>\n<p>Cascatinha<\/p>\n<p>Bom Pastor<\/p>\n<p>Igrejinha<\/p>\n<p>Vila Ideal<\/p>\n<p>S\u00e3o Mateus<br \/>\nOs trabalhos seguem em andamento em v\u00e1rios pontos da cidade e a programa\u00e7\u00e3o completa das atividades realizadas pela Empav pode ser acompanhada diariamente atrav\u00e9s da p\u00e1gina do Gabinete de A\u00e7\u00e3o e Di\u00e1logo Comunit\u00e1rio, pelo\u00a0<a href=\"https:\/\/www.pjf.mg.gov.br\/gabinetecomunitario\/#onde\"><strong>link<\/strong><\/a>.<br \/>\nTodas as a\u00e7\u00f5es de reestrutura\u00e7\u00e3o, urbaniza\u00e7\u00e3o e zeladoria realizadas pela Empresa Municipal de Pavimenta\u00e7\u00e3o e Urbanidades (Empav) fazem parte do Programa Boniteza. Estes e outros servi\u00e7os podem ser solicitados atrav\u00e9s do Gabinete de A\u00e7\u00e3o e Di\u00e1logo Comunit\u00e1rio, que recebe e organiza pedidos relativos a interven\u00e7\u00f5es e melhorias urbanas. O contato pode ser feito por liga\u00e7\u00e3o telef\u00f4nica, pelo n\u00famero (32) 3690-7241 ou, ainda, via WhatsApp, utilizando o mesmo n\u00famero.<\/p>\n","protected":false},"excerpt":{"rendered":"<p>Segundo informa\u00e7\u00f5es do site da Prefeitura de Juiz de Fora (PJF), os servi\u00e7os que destacam a beleza da cidade n\u00e3o podem parar. Nesta quinta-feira, 22, aproveitando a estiagem da chuva, as equipes da Prefeitura de Juiz de Fora (PJF) estiveram nas pra\u00e7as dos bairros Vila Ideal, Po\u00e7o Rico, Vila Esperan\u00e7a II, Bairu e Bom Clima [&hellip;]<\/p>\n","protected":false},"author":246,"featured_media":208164,"comment_status":"closed","ping_status":"closed","sticky":false,"template":"","format":"standard","meta":{"footnotes":""},"categories":[253,436,439],"tags":[],"class_list":["post-208163","post","type-post","status-publish","format-standard","has-post-thumbnail","hentry","category-cidade","category-destaque-da-semana","category-ultima-hora"],"_links":{"self":[{"href":"https:\/\/diarioregionaldigital.com.br\/index.php?rest_route=\/wp\/v2\/posts\/208163","targetHints":{"allow":["GET"]}}],"collection":[{"href":"https:\/\/diarioregionaldigital.com.br\/index.php?rest_route=\/wp\/v2\/posts"}],"about":[{"href":"https:\/\/diarioregionaldigital.com.br\/index.php?rest_route=\/wp\/v2\/types\/post"}],"author":[{"embeddable":true,"href":"https:\/\/diarioregionaldigital.com.br\/index.php?rest_route=\/wp\/v2\/users\/246"}],"replies":[{"embeddable":true,"href":"https:\/\/diarioregionaldigital.com.br\/index.php?rest_route=%2Fwp%2Fv2%2Fcomments&post=208163"}],"version-history":[{"count":1,"href":"https:\/\/diarioregionaldigital.com.br\/index.php?rest_route=\/wp\/v2\/posts\/208163\/revisions"}],"predecessor-version":[{"id":208165,"href":"https:\/\/diarioregionaldigital.com.br\/index.php?rest_route=\/wp\/v2\/posts\/208163\/revisions\/208165"}],"wp:featuredmedia":[{"embeddable":true,"href":"https:\/\/diarioregionaldigital.com.br\/index.php?rest_route=\/wp\/v2\/media\/208164"}],"wp:attachment":[{"href":"https:\/\/diarioregionaldigital.com.br\/index.php?rest_route=%2Fwp%2Fv2%2Fmedia&parent=208163"}],"wp:term":[{"taxonomy":"category","embeddable":true,"href":"https:\/\/diarioregionaldigital.com.br\/index.php?rest_route=%2Fwp%2Fv2%2Fcategories&post=208163"},{"taxonomy":"post_tag","embeddable":true,"href":"https:\/\/diarioregionaldigital.com.br\/index.php?rest_route=%2Fwp%2Fv2%2Ftags&post=208163"}],"curies":[{"name":"wp","href":"https:\/\/api.w.org\/{rel}","templated":true}]}}