{"id":208160,"date":"2022-12-22T21:31:52","date_gmt":"2022-12-23T00:31:52","guid":{"rendered":"https:\/\/diarioregionaldigital.com.br\/?p=208160"},"modified":"2022-12-22T21:31:52","modified_gmt":"2022-12-23T00:31:52","slug":"campanha-boas-festas-smu-realiza-blitz-educativa-no-centro","status":"publish","type":"post","link":"https:\/\/diarioregionaldigital.com.br\/?p=208160","title":{"rendered":"Campanha Boas Festas: SMU realiza blitz educativa no Centro"},"content":{"rendered":"<p>Segundo informa\u00e7\u00f5es do site da Prefeitura de Juiz de Fora (PJF), para alertar aos motoristas sobre as condi\u00e7\u00f5es at\u00edpicas do tr\u00e2nsito neste final de ano, a Secretaria de Mobilidade Urbana (SMU) da Prefeitura de Juiz de Fora (PJF) promoveu mais uma blitz educativa nesta quinta-feira, 22, dentro da \u201cCampanha Boas Festas\u201d. A a\u00e7\u00e3o foi realizada na Avenida dos Andradas, esquina com a Rua Paula Lima, e mais de 240 motoristas foram abordados na ocasi\u00e3o. Outra blitz ser\u00e1 realizada at\u00e9 o final deste ano.<br \/>\nO lan\u00e7amento da Campanha Boas Festas ocorreu no in\u00edcio de dezembro, m\u00eas em que h\u00e1 um aumento significativo da circula\u00e7\u00e3o de ve\u00edculos e pedestres nas vias p\u00fablicas, o que gera o risco de mais acidentes de tr\u00e2nsito. Al\u00e9m de presencial, a campanha tamb\u00e9m acontece de forma virtual nas redes sociais da PJF, atrav\u00e9s da publica\u00e7\u00e3o de cards interativos com informa\u00e7\u00f5es a respeito das condutas no tr\u00e2nsito, como realizar uma travessia segura, o aumento no tempo de deslocamento, o risco do uso de aparelhos eletr\u00f4nicos nas vias p\u00fablicas e a import\u00e2ncia do respeito \u00e0 sinaliza\u00e7\u00e3o, al\u00e9m de alertas sobre os cuidados no tr\u00e2nsito e o risco do consumo de bebidas alco\u00f3licas e dire\u00e7\u00e3o. A campanha tamb\u00e9m est\u00e1 presente nos ve\u00edculos do transporte coletivo urbano, com cartazes nos \u00f4nibus.<\/p>\n","protected":false},"excerpt":{"rendered":"<p>Segundo informa\u00e7\u00f5es do site da Prefeitura de Juiz de Fora (PJF), para alertar aos motoristas sobre as condi\u00e7\u00f5es at\u00edpicas do tr\u00e2nsito neste final de ano, a Secretaria de Mobilidade Urbana (SMU) da Prefeitura de Juiz de Fora (PJF) promoveu mais uma blitz educativa nesta quinta-feira, 22, dentro da \u201cCampanha Boas Festas\u201d. A a\u00e7\u00e3o foi realizada [&hellip;]<\/p>\n","protected":false},"author":246,"featured_media":208161,"comment_status":"closed","ping_status":"closed","sticky":false,"template":"","format":"standard","meta":{"footnotes":""},"categories":[253,436,439],"tags":[],"class_list":["post-208160","post","type-post","status-publish","format-standard","has-post-thumbnail","hentry","category-cidade","category-destaque-da-semana","category-ultima-hora"],"_links":{"self":[{"href":"https:\/\/diarioregionaldigital.com.br\/index.php?rest_route=\/wp\/v2\/posts\/208160","targetHints":{"allow":["GET"]}}],"collection":[{"href":"https:\/\/diarioregionaldigital.com.br\/index.php?rest_route=\/wp\/v2\/posts"}],"about":[{"href":"https:\/\/diarioregionaldigital.com.br\/index.php?rest_route=\/wp\/v2\/types\/post"}],"author":[{"embeddable":true,"href":"https:\/\/diarioregionaldigital.com.br\/index.php?rest_route=\/wp\/v2\/users\/246"}],"replies":[{"embeddable":true,"href":"https:\/\/diarioregionaldigital.com.br\/index.php?rest_route=%2Fwp%2Fv2%2Fcomments&post=208160"}],"version-history":[{"count":1,"href":"https:\/\/diarioregionaldigital.com.br\/index.php?rest_route=\/wp\/v2\/posts\/208160\/revisions"}],"predecessor-version":[{"id":208162,"href":"https:\/\/diarioregionaldigital.com.br\/index.php?rest_route=\/wp\/v2\/posts\/208160\/revisions\/208162"}],"wp:featuredmedia":[{"embeddable":true,"href":"https:\/\/diarioregionaldigital.com.br\/index.php?rest_route=\/wp\/v2\/media\/208161"}],"wp:attachment":[{"href":"https:\/\/diarioregionaldigital.com.br\/index.php?rest_route=%2Fwp%2Fv2%2Fmedia&parent=208160"}],"wp:term":[{"taxonomy":"category","embeddable":true,"href":"https:\/\/diarioregionaldigital.com.br\/index.php?rest_route=%2Fwp%2Fv2%2Fcategories&post=208160"},{"taxonomy":"post_tag","embeddable":true,"href":"https:\/\/diarioregionaldigital.com.br\/index.php?rest_route=%2Fwp%2Fv2%2Ftags&post=208160"}],"curies":[{"name":"wp","href":"https:\/\/api.w.org\/{rel}","templated":true}]}}