{"id":208157,"date":"2022-12-22T21:23:57","date_gmt":"2022-12-23T00:23:57","guid":{"rendered":"https:\/\/diarioregionaldigital.com.br\/?p=208157"},"modified":"2022-12-22T21:23:57","modified_gmt":"2022-12-23T00:23:57","slug":"cesu-da-prefeitura-de-juiz-de-fora-realiza-balanco-do-atendimento-feito-em-2022","status":"publish","type":"post","link":"https:\/\/diarioregionaldigital.com.br\/?p=208157","title":{"rendered":"Cesu da Prefeitura de Juiz de Fora realiza balan\u00e7o do atendimento feito em 2022"},"content":{"rendered":"<p>Segundo informa\u00e7\u00f5es do site da Prefeitura de Juiz de Fora (PJF), o\u00a0Centro de Estudos Supletivos Cust\u00f3dio Furtado de Souza (Cesu), que pertence \u00e0 Prefeitura de Juiz de Fora (PJF), realizou um balan\u00e7o do atendimento feito no ano de 2022. A rede do Cesu conta com cerca de 5.500 matr\u00edculas e este ano 477 se formaram, sendo 118 no Ensino Fundamental (turma de 9\u00ba ano) e 359 no Ensino M\u00e9dio (turma do 3\u00ba ano).<br \/>\nPara simbolizar este momento, foi realizada uma cerim\u00f4nia de Cola\u00e7\u00e3o de Grau no dia 15 de dezembro para 50 alunos, no Centro de Forma\u00e7\u00e3o do Professor da Secretaria de Educa\u00e7\u00e3o (SE).<br \/>\nO Cesu faz parte do atendimento realizado pela Educa\u00e7\u00e3o de Jovens e Adultos (EJA) e tem como principal objetivo dar oportunidade de ensino para as pessoas acima de 18 anos que n\u00e3o completaram seus estudos de Educa\u00e7\u00e3o B\u00e1sica dentro do per\u00edodo regular. \u00c9 poss\u00edvel estudar nos formatos presencial e semipresencial, o que facilita para quem trabalha.<br \/>\nDentre os formandos deste ano, existe o caso do Cristiano Silva Pinheiro, de 36 anos, natural de Barbacena. Ele n\u00e3o conseguiu terminar os estudos do Ensino M\u00e9dio no per\u00edodo regular e hoje, trabalhando como instrutor de t\u00eanis, recebeu o apoio de colegas para ingressar no Cesu. Agora se inscreveu para fazer faculdade de Educa\u00e7\u00e3o F\u00edsica no ano que vem.<br \/>\n\u201cEu acho que o Cesu abre essa porta pra gente conseguir fazer o que precisa para finaliza\u00e7\u00e3o dos nossos estudos. Eu fiz o terceiro ano no Cesu do Centro, onde fui bem recebido e o bacana foi o semipresencial, que \u00e9 o que eu fiz, que muita gente provavelmente deve procurar. A formatura foi maravilhosa, eu tive o prazer de falar l\u00e1 na frente, de agradecer o pessoal, de ver que cada um que estava ali foi com um esfor\u00e7o muito grande\u201d, disse Cristiano.<br \/>\nA escola cedeu a beca, que era desejo de muitos dos alunos. Antes da formatura, foi feito um \u00e1lbum, al\u00e9m de um v\u00eddeo em homenagem aos que estavam presentes, com fotos de eventos que ocorreram ao longo do ano, como Festa Junina, teatro, apresenta\u00e7\u00e3o de m\u00fasica, Evento sobre a Consci\u00eancia Negra e etc. Cada um recebeu um porta-retrato com uma foto onde estavam com a beca e o certificado.<br \/>\nDe acordo com a diretora do Cesu, Ros\u00e2ngela da Silva Campos de Paiva, aqueles que tiverem interesse podem procurar o Cesu em qualquer momento do ano. \u201cAs matr\u00edculas podem ser feitas todos os dias \u00fateis, a qualquer momento do ano. \u00c9 s\u00f3 a pessoa chegar com a documenta\u00e7\u00e3o necess\u00e1ria que ela faz a matr\u00edcula, n\u00e3o tem limite de vagas\u201d.<br \/>\n<strong>Confira abaixo os locais de atendimento, hor\u00e1rios e telefones de contato do Cesu em Juiz de Fora:<\/strong><\/p>\n<p>&nbsp;<\/p>\n<p>Escola Municipal Professor Oswaldo Velloso<\/p>\n<p>Rua Ch\u00e1cara, 281, Santa Luzia.<\/p>\n<p>Telefone: (32) 3690-7449 &#8211; Noite.<\/p>\n<p>&nbsp;<\/p>\n<p>Escola Municipal Thereza Falci<\/p>\n<p>Rua Ten Guimar\u00e3es, 485, Santa L\u00facia.<\/p>\n<p>Telefone: (32) 3690-7837 &#8211; Noite.<\/p>\n<p>&nbsp;<\/p>\n<p>Escola Municipal Tancredo Neves<\/p>\n<p>Rua Jos\u00e9 Louren\u00e7o Kelmer, 1433, S\u00e3o Pedro.<\/p>\n<p>Telefone: (32) 3231-2309 &#8211; Noite.<\/p>\n<p>&nbsp;<\/p>\n<p>Cesu Centro<\/p>\n<p>Rua Mal. Floriano Peixoto, 435, Centro.<\/p>\n<p>Telefone: (32) 3690-7440<\/p>\n<p>Manh\u00e3, Tarde e Noite.<\/p>\n<p>&nbsp;<\/p>\n<p>Cesu Bar\u00e3o de Cataguases<\/p>\n<p>Rua Bar\u00e3o de Cataguases, 444, Santa Helena.<\/p>\n<p>Telefone; (32) 3690-7768 &#8211; Noite.<\/p>\n<p>&nbsp;<\/p>\n<p>Cesu Cust\u00f3dio Furtado de Souza<\/p>\n<p>Rua Comendador Pantaleone Arcuri, 314, Teixeiras.<\/p>\n<p>Presencial e Semipresencial &#8211; Manh\u00e3 Tarde e Noite.<\/p>\n<p>Telefone: (32) 3690-7652.<\/p>\n","protected":false},"excerpt":{"rendered":"<p>Segundo informa\u00e7\u00f5es do site da Prefeitura de Juiz de Fora (PJF), o\u00a0Centro de Estudos Supletivos Cust\u00f3dio Furtado de Souza (Cesu), que pertence \u00e0 Prefeitura de Juiz de Fora (PJF), realizou um balan\u00e7o do atendimento feito no ano de 2022. A rede do Cesu conta com cerca de 5.500 matr\u00edculas e este ano 477 se formaram, [&hellip;]<\/p>\n","protected":false},"author":246,"featured_media":208158,"comment_status":"closed","ping_status":"closed","sticky":false,"template":"","format":"standard","meta":{"footnotes":""},"categories":[253,436,439],"tags":[],"class_list":["post-208157","post","type-post","status-publish","format-standard","has-post-thumbnail","hentry","category-cidade","category-destaque-da-semana","category-ultima-hora"],"_links":{"self":[{"href":"https:\/\/diarioregionaldigital.com.br\/index.php?rest_route=\/wp\/v2\/posts\/208157","targetHints":{"allow":["GET"]}}],"collection":[{"href":"https:\/\/diarioregionaldigital.com.br\/index.php?rest_route=\/wp\/v2\/posts"}],"about":[{"href":"https:\/\/diarioregionaldigital.com.br\/index.php?rest_route=\/wp\/v2\/types\/post"}],"author":[{"embeddable":true,"href":"https:\/\/diarioregionaldigital.com.br\/index.php?rest_route=\/wp\/v2\/users\/246"}],"replies":[{"embeddable":true,"href":"https:\/\/diarioregionaldigital.com.br\/index.php?rest_route=%2Fwp%2Fv2%2Fcomments&post=208157"}],"version-history":[{"count":1,"href":"https:\/\/diarioregionaldigital.com.br\/index.php?rest_route=\/wp\/v2\/posts\/208157\/revisions"}],"predecessor-version":[{"id":208159,"href":"https:\/\/diarioregionaldigital.com.br\/index.php?rest_route=\/wp\/v2\/posts\/208157\/revisions\/208159"}],"wp:featuredmedia":[{"embeddable":true,"href":"https:\/\/diarioregionaldigital.com.br\/index.php?rest_route=\/wp\/v2\/media\/208158"}],"wp:attachment":[{"href":"https:\/\/diarioregionaldigital.com.br\/index.php?rest_route=%2Fwp%2Fv2%2Fmedia&parent=208157"}],"wp:term":[{"taxonomy":"category","embeddable":true,"href":"https:\/\/diarioregionaldigital.com.br\/index.php?rest_route=%2Fwp%2Fv2%2Fcategories&post=208157"},{"taxonomy":"post_tag","embeddable":true,"href":"https:\/\/diarioregionaldigital.com.br\/index.php?rest_route=%2Fwp%2Fv2%2Ftags&post=208157"}],"curies":[{"name":"wp","href":"https:\/\/api.w.org\/{rel}","templated":true}]}}