{"id":208147,"date":"2022-12-22T21:06:59","date_gmt":"2022-12-23T00:06:59","guid":{"rendered":"https:\/\/diarioregionaldigital.com.br\/?p=208147"},"modified":"2022-12-22T21:06:59","modified_gmt":"2022-12-23T00:06:59","slug":"brasil-fecha-copa-do-mundo-de-halterofilismo-com-12-medalhas","status":"publish","type":"post","link":"https:\/\/diarioregionaldigital.com.br\/?p=208147","title":{"rendered":"Brasil fecha Copa do Mundo de halterofilismo com 12 medalhas"},"content":{"rendered":"<p>O Brasil encerrou a participa\u00e7\u00e3o na Copa do Mundo de halterofilismo, em Dubai, nos Emirados \u00c1rabes, com mais uma medalha de ouro. No domingo, 18.12, \u00faltimo dia de disputas, a equipe feminina subiu ao lugar mais alto do p\u00f3dio com as atletas Lara Aparecida (at\u00e9 41 kg), Mariana D\u2019Andrea (at\u00e9 73 kg) e Tayana Medeiros (at\u00e9 86 kg). Desta forma, a Sele\u00e7\u00e3o terminou a competi\u00e7\u00e3o com 12 p\u00f3dios: seis ouros, tr\u00eas pratas e tr\u00eas bronzes.<\/p>\n<p>No domingo, na prova feminina por equipes, Lara suportou 90 kg, enquanto Mariana e Tayana levantaram 120 kg. De acordo com as regras da Copa do Mundo, as tr\u00eas brasileiras somaram 285,3 pontos e ficaram com o ouro. Col\u00f4mbia e Chile completaram o p\u00f3dio.<\/p>\n<p>O Brasil foi representado por 15 atletas em Dubai. De acordo com os crit\u00e9rios de convoca\u00e7\u00e3o do CPB, foram convocados apenas atletas que disputaram competi\u00e7\u00f5es obrigat\u00f3rias para os Jogos Paral\u00edmpicos de Paris 2024,. Al\u00e9m disso, os atletas convocados necessitavam estar no TOP 10 do ranking internacional.<\/p>\n<p class=\"callout\"><strong>MEDALHAS DO BRASIL NA COPA DO MUNDO DE DUBAI<\/strong><\/p>\n<p class=\"callout\"><strong>OURO<\/strong><br \/>\nLARA APARECIDA FERREIRA SULLIVAN DE LIMA (-41KG)<br \/>\nMARIA RIZONAIDE DA SILVA (-50KG)<br \/>\nMARIANA D\u00b4ANDREA (-73KG)<br \/>\nNAIRA CELIA GOMES DA CRUZ (-61KG)<br \/>\nM\u00c1RCIA CRISTINA DE MENEZES (+86KG)<br \/>\nEQUIPE FEMININA<\/p>\n<p class=\"callout\"><strong>PRATA<\/strong><br \/>\nBRUNO PINHEIRO CARRA (-59KG)<br \/>\nEZEQUIEL DE SOUZA CORR\u00caA (-72KG)<br \/>\nTAYANA DE SOUZA MEDEIROS (-86KG)<\/p>\n<p class=\"callout\"><strong>BRONZE<\/strong><br \/>\nJO\u00c3O MARIA DE FRANCA JUNIOR (-54KG)<br \/>\nCAROLINE FERNANDES ALVES (-79KG)<br \/>\nMARIA DE F\u00c1TIMA COSTA DE CASTRO (-67KG)<\/p>\n<p><strong>Fonte: Comit\u00ea Paral\u00edmpico Brasileiro (CPB)<\/strong><\/p>\n","protected":false},"excerpt":{"rendered":"<p>O Brasil encerrou a participa\u00e7\u00e3o na Copa do Mundo de halterofilismo, em Dubai, nos Emirados \u00c1rabes, com mais uma medalha de ouro. No domingo, 18.12, \u00faltimo dia de disputas, a equipe feminina subiu ao lugar mais alto do p\u00f3dio com as atletas Lara Aparecida (at\u00e9 41 kg), Mariana D\u2019Andrea (at\u00e9 73 kg) e Tayana Medeiros [&hellip;]<\/p>\n","protected":false},"author":246,"featured_media":208148,"comment_status":"closed","ping_status":"closed","sticky":false,"template":"","format":"standard","meta":{"footnotes":""},"categories":[436,257,439],"tags":[],"class_list":["post-208147","post","type-post","status-publish","format-standard","has-post-thumbnail","hentry","category-destaque-da-semana","category-esporte","category-ultima-hora"],"_links":{"self":[{"href":"https:\/\/diarioregionaldigital.com.br\/index.php?rest_route=\/wp\/v2\/posts\/208147","targetHints":{"allow":["GET"]}}],"collection":[{"href":"https:\/\/diarioregionaldigital.com.br\/index.php?rest_route=\/wp\/v2\/posts"}],"about":[{"href":"https:\/\/diarioregionaldigital.com.br\/index.php?rest_route=\/wp\/v2\/types\/post"}],"author":[{"embeddable":true,"href":"https:\/\/diarioregionaldigital.com.br\/index.php?rest_route=\/wp\/v2\/users\/246"}],"replies":[{"embeddable":true,"href":"https:\/\/diarioregionaldigital.com.br\/index.php?rest_route=%2Fwp%2Fv2%2Fcomments&post=208147"}],"version-history":[{"count":1,"href":"https:\/\/diarioregionaldigital.com.br\/index.php?rest_route=\/wp\/v2\/posts\/208147\/revisions"}],"predecessor-version":[{"id":208149,"href":"https:\/\/diarioregionaldigital.com.br\/index.php?rest_route=\/wp\/v2\/posts\/208147\/revisions\/208149"}],"wp:featuredmedia":[{"embeddable":true,"href":"https:\/\/diarioregionaldigital.com.br\/index.php?rest_route=\/wp\/v2\/media\/208148"}],"wp:attachment":[{"href":"https:\/\/diarioregionaldigital.com.br\/index.php?rest_route=%2Fwp%2Fv2%2Fmedia&parent=208147"}],"wp:term":[{"taxonomy":"category","embeddable":true,"href":"https:\/\/diarioregionaldigital.com.br\/index.php?rest_route=%2Fwp%2Fv2%2Fcategories&post=208147"},{"taxonomy":"post_tag","embeddable":true,"href":"https:\/\/diarioregionaldigital.com.br\/index.php?rest_route=%2Fwp%2Fv2%2Ftags&post=208147"}],"curies":[{"name":"wp","href":"https:\/\/api.w.org\/{rel}","templated":true}]}}