{"id":208144,"date":"2022-12-22T21:04:45","date_gmt":"2022-12-23T00:04:45","guid":{"rendered":"https:\/\/diarioregionaldigital.com.br\/?p=208144"},"modified":"2022-12-22T21:04:45","modified_gmt":"2022-12-23T00:04:45","slug":"mayra-aguiar-e-rafael-macedo-sao-bronze-no-ultimo-dia-de-world-masters","status":"publish","type":"post","link":"https:\/\/diarioregionaldigital.com.br\/?p=208144","title":{"rendered":"Mayra Aguiar e Rafael Macedo s\u00e3o bronze no \u00faltimo dia de World Masters"},"content":{"rendered":"<p>O jud\u00f4 brasileiro manteve o ritmo de p\u00f3dios nas competi\u00e7\u00f5es mais importantes do Circuito Mundial IJF e fechou, nesta quinta-feira, 22.11, o World Masters com um ouro e dois bronzes. Na quarta, Daniel Cargnin (73kg) havia conquistado o t\u00edtulo in\u00e9dito e, nesta quinta, Mayra Aguiar (78kg) e Rafael Macedo (90kg) fizeram dobradinha de bronze na segunda competi\u00e7\u00e3o mais importante do ano. O Masters fica atr\u00e1s apenas do Mundial, onde o Brasil tamb\u00e9m foi bem, com dois ouros, uma prata e um bronze.<\/p>\n<p>A campanha de Rafael Macedo foi um dos destaques da delega\u00e7\u00e3o. N\u00famero 11 do mundo, o brasileiro estreou com vit\u00f3ria tranquila por waza-ari e ippon sobre o brit\u00e2nico Jamal Petgrave. Nas oitavas, encarou o italiano Christian Parlati, atual vice-campe\u00e3o mundial, e despachou-o com um waza-ari no tempo extra.<\/p>\n<p>No terceiro combate, encarou o atual campe\u00e3o mundial, Davlat Bobonov, do Uzbequist\u00e3o, que tamb\u00e9m \u00e9 o atual l\u00edder do ranking mundial. Macedo foi para cima em busca da proje\u00e7\u00e3o. Bobonov precisou reagir e errou. Tentou uma entrada afobada e acabou sendo desclassificado por apoiar a cabe\u00e7a no ch\u00e3o, o que coloca em risco sua integridade f\u00edsica for\u00e7ando a cervical.<\/p>\n<p>Macedo seguiu \u00e0 semifinal, onde enfrentou o japon\u00eas Sanshiro Murao em combate que seguia equilibrado at\u00e9 o japon\u00eas encaixar o golpe perfeito e projetar o brasileiro de costas no ch\u00e3o.<\/p>\n<p>Na luta pelo bronze, mais uma pedreira. O Georgiano Beka Gviniashvili, atual n\u00famero dois do mundo, sucumbiu diante de uma t\u00e9cnica de pernas perfeita executada por Macedo, que arremessou o advers\u00e1rio ao ch\u00e3o e garantiu o ippon para o bronze, seu primeiro em World Masters.<\/p>\n<p>&#8220;Foi uma competi\u00e7\u00e3o muito dura. Aqui s\u00f3 tem os melhores rankeados, ent\u00e3o s\u00f3 luta dur\u00edssima. Essa medalha foi importante para mim, porque coroa e encerra o ano com uma medalha em uma grande competi\u00e7\u00e3o. Agora \u00e9 descansar um pouco e continuar trabalhando para o ano que vem&#8221;, analisou Macedo.<\/p>\n<p><strong>Mayra consistente<\/strong><\/p>\n<p>Para Mayra Aguiar, o World Masters foi a primeira competi\u00e7\u00e3o depois do seu terceiro t\u00edtulo mundial conquistado em outubro, em Tashkent, no Uzbequist\u00e3o. Ela chegou ao evento como n\u00famero dois do mundo e, mesmo assim, encarou uma chave dura. Nas oitavas, eliminou a brit\u00e2nica Nathalie Powell, por ippon.<\/p>\n<p>Nas quartas, sofreu rev\u00e9s diante da italiana Alice Bellandi, uma das revela\u00e7\u00f5es deste ano. Bellandi, que veio do 70kg, usou velocidade e movimenta\u00e7\u00e3o em ataques seguidos que, apesar de n\u00e3o amea\u00e7arem Mayra, contaram como \u201cvolume\u201d e fizeram a italiana vencer nas puni\u00e7\u00f5es.<\/p>\n<p>Mayra, por\u00e9m, buscou a recupera\u00e7\u00e3o na repescagem com ippon por imobiliza\u00e7\u00e3o sobre Karen Stevenson, da Holanda, no primeiro minuto de luta. Na disputa pelo bronze, enfrentou Ryka Takayama, terceira melhor japonesa no ranking mundial, e saiu com vit\u00f3ria, assim como fez no Mundial frente \u00e0 campe\u00e3 ol\u00edmpica Hamada Shori. Para isso, Mayra imp\u00f4s melhor posi\u00e7\u00e3o na pegada e pressionou Takayama para fora da \u00e1rea. A rea\u00e7\u00e3o da japonesa foi um ataque desequilibrado que resultou em contra-golpe de Mayra. Waza-ari para a brasileira. Com paci\u00eancia, Mayra controlou os segundos finais e voltou para casa com medalha in\u00e9dita de bronze. Ela j\u00e1 tem duas de ouro e uma de prata em Masters.<\/p>\n<p><strong>Tr\u00eas na estreia<\/strong><\/p>\n<p>Marcelo Gomes (90kg), Rafael Buzacarini (100kg) e Rafael Silva (+100kg) pegaram chaves dur\u00edssimas e n\u00e3o passaram da primeira rodada. Marcelo caiu para Nemanja Majdov (S\u00e9rvia), campe\u00e3o mundial; Buzacarini caiu para Varlam Liparteliani, vice ol\u00edmpico e mundial; e Baby parou nas puni\u00e7\u00f5es na luta contra o prod\u00edgio japon\u00eas Tatsuru Saito, atual vice-campe\u00e3o mundial.<\/p>\n<p>O World Masters foi a \u00faltima competi\u00e7\u00e3o da temporada 2022, que foi uma das melhores do jud\u00f4 brasileiro com ouros nas principais competi\u00e7\u00f5es do Circuito (Mundial, Masters e Grand Slam). Ao todo, foram 80 medalhas (32 ouros, 19 pratas e 29 bronzes) da sele\u00e7\u00e3o brasileira ao longo do ano.<\/p>\n<p><strong>Fonte: Confedera\u00e7\u00e3o Brasileira de Jud\u00f4<\/strong><\/p>\n","protected":false},"excerpt":{"rendered":"<p>O jud\u00f4 brasileiro manteve o ritmo de p\u00f3dios nas competi\u00e7\u00f5es mais importantes do Circuito Mundial IJF e fechou, nesta quinta-feira, 22.11, o World Masters com um ouro e dois bronzes. Na quarta, Daniel Cargnin (73kg) havia conquistado o t\u00edtulo in\u00e9dito e, nesta quinta, Mayra Aguiar (78kg) e Rafael Macedo (90kg) fizeram dobradinha de bronze na [&hellip;]<\/p>\n","protected":false},"author":246,"featured_media":208145,"comment_status":"closed","ping_status":"closed","sticky":false,"template":"","format":"standard","meta":{"footnotes":""},"categories":[436,257,439],"tags":[],"class_list":["post-208144","post","type-post","status-publish","format-standard","has-post-thumbnail","hentry","category-destaque-da-semana","category-esporte","category-ultima-hora"],"_links":{"self":[{"href":"https:\/\/diarioregionaldigital.com.br\/index.php?rest_route=\/wp\/v2\/posts\/208144","targetHints":{"allow":["GET"]}}],"collection":[{"href":"https:\/\/diarioregionaldigital.com.br\/index.php?rest_route=\/wp\/v2\/posts"}],"about":[{"href":"https:\/\/diarioregionaldigital.com.br\/index.php?rest_route=\/wp\/v2\/types\/post"}],"author":[{"embeddable":true,"href":"https:\/\/diarioregionaldigital.com.br\/index.php?rest_route=\/wp\/v2\/users\/246"}],"replies":[{"embeddable":true,"href":"https:\/\/diarioregionaldigital.com.br\/index.php?rest_route=%2Fwp%2Fv2%2Fcomments&post=208144"}],"version-history":[{"count":1,"href":"https:\/\/diarioregionaldigital.com.br\/index.php?rest_route=\/wp\/v2\/posts\/208144\/revisions"}],"predecessor-version":[{"id":208146,"href":"https:\/\/diarioregionaldigital.com.br\/index.php?rest_route=\/wp\/v2\/posts\/208144\/revisions\/208146"}],"wp:featuredmedia":[{"embeddable":true,"href":"https:\/\/diarioregionaldigital.com.br\/index.php?rest_route=\/wp\/v2\/media\/208145"}],"wp:attachment":[{"href":"https:\/\/diarioregionaldigital.com.br\/index.php?rest_route=%2Fwp%2Fv2%2Fmedia&parent=208144"}],"wp:term":[{"taxonomy":"category","embeddable":true,"href":"https:\/\/diarioregionaldigital.com.br\/index.php?rest_route=%2Fwp%2Fv2%2Fcategories&post=208144"},{"taxonomy":"post_tag","embeddable":true,"href":"https:\/\/diarioregionaldigital.com.br\/index.php?rest_route=%2Fwp%2Fv2%2Ftags&post=208144"}],"curies":[{"name":"wp","href":"https:\/\/api.w.org\/{rel}","templated":true}]}}