{"id":208138,"date":"2022-12-22T20:11:59","date_gmt":"2022-12-22T23:11:59","guid":{"rendered":"https:\/\/diarioregionaldigital.com.br\/?p=208138"},"modified":"2022-12-22T20:11:59","modified_gmt":"2022-12-22T23:11:59","slug":"haddad-anuncia-secretarios-da-receita-federal-e-tesouro-nacional","status":"publish","type":"post","link":"https:\/\/diarioregionaldigital.com.br\/?p=208138","title":{"rendered":"Haddad anuncia secret\u00e1rios da Receita Federal e Tesouro Nacional"},"content":{"rendered":"<p>O futuro ministro da Fazenda, Fernando Haddad, anunciou hoje (22) mais quatro integrantes da sua equipe, que assumir\u00e3o as fun\u00e7\u00f5es a partir de 2023.<img decoding=\"async\" src=\"https:\/\/agenciabrasil.ebc.com.br\/ebc.png?id=1499588&amp;o=node\" \/><img decoding=\"async\" src=\"https:\/\/agenciabrasil.ebc.com.br\/ebc.gif?id=1499588&amp;o=node\" \/><\/p>\n<p>O economista e auditor fiscal Rog\u00e9rio Ceron ser\u00e1 o secret\u00e1rio do Tesouro Nacional e o advogado Robinson Barreirinhas foi anunciado como secret\u00e1rio da Receita Federal. Ambos trabalharam na gest\u00e3o de Haddad na Prefeitura de S\u00e3o Paulo.<\/p>\n<p>O advogado Marcos Barbosa Pinto ocupar\u00e1 a Secretaria de Reformas Econ\u00f4micas. Ele tamb\u00e9m j\u00e1 trabalhou com Haddad no Minist\u00e9rio do Planejamento, no primeiro governo Lula, e colaborou na reda\u00e7\u00e3o da lei que trata das parcerias p\u00fablico-privadas, bem como no Minist\u00e9rio da Educa\u00e7\u00e3o, na reda\u00e7\u00e3o da lei que criou o Programa Universidade para Todos (ProUni).<\/p>\n<p>O futuro ministro lembrou que haver\u00e1 uma secretaria s\u00f3 para tratar de reforma tribut\u00e1ria, sob o\u00a0<a href=\"https:\/\/agenciabrasil.ebc.com.br\/economia\/noticia\/2022-12\/bernard-appy-sera-secretario-especial-para-reforma-tributaria\" target=\"_blank\" rel=\"noopener\">comando de Bernard Appy<\/a>. Barbosa Pinto cuidar\u00e1 de outras reformas.<\/p>\n<p>J\u00e1 o economista Guilherme Mello ser\u00e1 o novo secret\u00e1rio de Pol\u00edticas Econ\u00f4micas. Mello foi conselheiro do PT no per\u00edodo eleitoral e participou do grupo de economia da transi\u00e7\u00e3o. Segundo Haddad, junto com outros integrantes do grupo, o economista teve papel decisivo para subsidiar as negocia\u00e7\u00f5es para\u00a0<a href=\"https:\/\/agenciabrasil.ebc.com.br\/politica\/noticia\/2022-12\/congresso-promulga-pec-da-transicao\" target=\"_blank\" rel=\"noopener\">aprova\u00e7\u00e3o da Proposta<\/a>\u00a0de Emenda \u00e0 Constitui\u00e7\u00e3o (PEC) da Transi\u00e7\u00e3o.<\/p>\n<p>Al\u00e9m de Appy, Haddad tamb\u00e9m j\u00e1 havia anunciado o nome do economista Gabriel Gal\u00edpolo para a secretaria-executiva da pasta. Ainda,\u00a0<a href=\"https:\/\/agenciabrasil.ebc.com.br\/politica\/noticia\/2022-12\/anelize-lenzi-sera-nova-procuradora-geral-da-fazenda-nacional\" target=\"_blank\" rel=\"noopener\">Anelize Lenzi ocupar\u00e1 a Procuradoria-Geral<\/a>\u00a0da Fazenda Nacional.<\/p>\n<p>Na semana passada, o ex-ministro Aloizio Mercadante (PT)\u00a0<a href=\"https:\/\/agenciabrasil.ebc.com.br\/politica\/noticia\/2022-12\/lula-confirma-aloizio-mercadante-como-presidente-bndes\" target=\"_blank\" rel=\"noopener\">foi anunciado como o futuro presidente<\/a>\u00a0do Banco Nacional de Desenvolvimento Econ\u00f4mico e Social (BNDES) no novo governo.<\/p>\n<p>Segundo o futuro ministro, o secret\u00e1rio de Assuntos Internacionais dever\u00e1 ser nomeado na semana que vem. Tamb\u00e9m est\u00e3o pendentes os nomes que comandar\u00e3o os bancos p\u00fablicos, como Banco do Brasil, Caixa, Banco do Nordeste e Banco da Amaz\u00f4nia.<\/p>\n<p><span style=\"font-weight: 400;\">Fonte: Ag\u00eancia Brasil <\/span><\/p>\n","protected":false},"excerpt":{"rendered":"<p>O futuro ministro da Fazenda, Fernando Haddad, anunciou hoje (22) mais quatro integrantes da sua equipe, que assumir\u00e3o as fun\u00e7\u00f5es a partir de 2023. O economista e auditor fiscal Rog\u00e9rio Ceron ser\u00e1 o secret\u00e1rio do Tesouro Nacional e o advogado Robinson Barreirinhas foi anunciado como secret\u00e1rio da Receita Federal. Ambos trabalharam na gest\u00e3o de Haddad [&hellip;]<\/p>\n","protected":false},"author":246,"featured_media":208139,"comment_status":"closed","ping_status":"closed","sticky":false,"template":"","format":"standard","meta":{"footnotes":""},"categories":[436,254,439],"tags":[],"class_list":["post-208138","post","type-post","status-publish","format-standard","has-post-thumbnail","hentry","category-destaque-da-semana","category-politica","category-ultima-hora"],"_links":{"self":[{"href":"https:\/\/diarioregionaldigital.com.br\/index.php?rest_route=\/wp\/v2\/posts\/208138","targetHints":{"allow":["GET"]}}],"collection":[{"href":"https:\/\/diarioregionaldigital.com.br\/index.php?rest_route=\/wp\/v2\/posts"}],"about":[{"href":"https:\/\/diarioregionaldigital.com.br\/index.php?rest_route=\/wp\/v2\/types\/post"}],"author":[{"embeddable":true,"href":"https:\/\/diarioregionaldigital.com.br\/index.php?rest_route=\/wp\/v2\/users\/246"}],"replies":[{"embeddable":true,"href":"https:\/\/diarioregionaldigital.com.br\/index.php?rest_route=%2Fwp%2Fv2%2Fcomments&post=208138"}],"version-history":[{"count":1,"href":"https:\/\/diarioregionaldigital.com.br\/index.php?rest_route=\/wp\/v2\/posts\/208138\/revisions"}],"predecessor-version":[{"id":208140,"href":"https:\/\/diarioregionaldigital.com.br\/index.php?rest_route=\/wp\/v2\/posts\/208138\/revisions\/208140"}],"wp:featuredmedia":[{"embeddable":true,"href":"https:\/\/diarioregionaldigital.com.br\/index.php?rest_route=\/wp\/v2\/media\/208139"}],"wp:attachment":[{"href":"https:\/\/diarioregionaldigital.com.br\/index.php?rest_route=%2Fwp%2Fv2%2Fmedia&parent=208138"}],"wp:term":[{"taxonomy":"category","embeddable":true,"href":"https:\/\/diarioregionaldigital.com.br\/index.php?rest_route=%2Fwp%2Fv2%2Fcategories&post=208138"},{"taxonomy":"post_tag","embeddable":true,"href":"https:\/\/diarioregionaldigital.com.br\/index.php?rest_route=%2Fwp%2Fv2%2Ftags&post=208138"}],"curies":[{"name":"wp","href":"https:\/\/api.w.org\/{rel}","templated":true}]}}